{"id":56953,"date":"2024-07-25T13:12:29","date_gmt":"2024-07-25T19:12:29","guid":{"rendered":"https:\/\/encuentroinformativo.com.mx\/?p=56953"},"modified":"2024-07-25T13:12:35","modified_gmt":"2024-07-25T19:12:35","slug":"sesionara-congreso-en-san-juan-de-ulua","status":"publish","type":"post","link":"https:\/\/encuentroinformativo.com.mx\/?p=56953","title":{"rendered":"Sesionar\u00e1 Congreso en San Juan de Ul\u00faa"},"content":{"rendered":"\n<p><strong>Alejandro \u00c1vila<\/strong><\/p>\n\n\n\n<p>Veracruz, Ver.- De forma extraoficial se pudo conocer que la presidenta electa, Claudia Sheinbaum Pardo; y la gobernadora electa, Roc\u00edo Nahle Garc\u00eda, fueron invitadas a la Sesi\u00f3n Solemne por el Bicentenario de la instalaci\u00f3n del Poder Legislativo de Veracruz, que se desarrollar\u00e1 este jueves 25 de julio a las 5:30 de la tarde en la fortaleza de San Juan de Ul\u00faa.<\/p>\n\n\n\n<p>Hasta el momento ninguno de los equipos de trabajo ha confirmado la presencia de las dos invitadas de honor, sin embargo, se tiene preparado un operativo vial en caso de que estas asistan a la ceremonia.<\/p>\n\n\n\n<p>&#8220;Es una Sesi\u00f3n Solemne, se autoriz\u00f3 que sea el recinto oficial para que sea esta Sesi\u00f3n Solemne en el municipio de Veracruz y el recinto oficial sea San Juan de Ul\u00faa para una Sesi\u00f3n Solemne donde se conmemora el Bicentenario del Poder Legislativo, y es una manera de poder recordar todo, desde la fundaci\u00f3n del Poder Legislativo de nuestro pa\u00eds (\u2026) la verdad es que fue aprobada por unanimidad y por reglamento una vez al a\u00f1o se debe de hacer una Sesi\u00f3n fuera del Congreso, y que mejor que en el marco de esta conmemoraci\u00f3n del Bicentenario del Poder Legislativo en el Estado de Veracruz&#8221;, se\u00f1al\u00f3 la vicepresidenta de la Mesa Directiva, diputada Ver\u00f3nica Pulido Herrera.<\/p>\n\n\n\n<p>Cabe recordar que el 31 de enero de 1824 se reconoci\u00f3 a Veracruz como estado libre y soberano, por lo cual se le solicit\u00f3 integrar su Congreso Legislativo, mismo que qued\u00f3 instaurado el 9 de mayo de 1824 con 15 miembros, siendo Sebasti\u00e1n Camacho, su primer presidente.<\/p>\n\n\n\n<p>La primera Constituci\u00f3n Pol\u00edtica de Veracruz se promulg\u00f3 el 3 de junio de 1825; la sesi\u00f3n solemne de este jueves 25 de julio se tiene prevista con una duraci\u00f3n de 40 minutos.<\/p>\n","protected":false},"excerpt":{"rendered":"<p>Alejandro \u00c1vila Veracruz, Ver.- De forma extraoficial se pudo conocer que la presidenta electa, Claudia Sheinbaum Pardo; y la gobernadora electa, Roc\u00edo Nahle Garc\u00eda, fueron invitadas a la Sesi\u00f3n Solemne por el Bicentenario de la instalaci\u00f3n del Poder Legislativo de Veracruz, que se desarrollar\u00e1 este jueves 25 de julio a las 5:30 de la tarde [&hellip;]<\/p>\n","protected":false},"author":2476,"featured_media":56954,"comment_status":"open","ping_status":"open","sticky":false,"template":"","format":"standard","meta":{"_jetpack_memberships_contains_paid_content":false,"footnotes":""},"categories":[2],"tags":[],"class_list":["post-56953","post","type-post","status-publish","format-standard","has-post-thumbnail","hentry","category-estado"],"jetpack_featured_media_url":"https:\/\/encuentroinformativo.com.mx\/wp-content\/uploads\/2024\/07\/IMG-20240725-WA0031.jpg","jetpack_sharing_enabled":true,"jetpack_likes_enabled":true,"amp_enabled":true,"_links":{"self":[{"href":"https:\/\/encuentroinformativo.com.mx\/index.php?rest_route=\/wp\/v2\/posts\/56953","targetHints":{"allow":["GET"]}}],"collection":[{"href":"https:\/\/encuentroinformativo.com.mx\/index.php?rest_route=\/wp\/v2\/posts"}],"about":[{"href":"https:\/\/encuentroinformativo.com.mx\/index.php?rest_route=\/wp\/v2\/types\/post"}],"author":[{"embeddable":true,"href":"https:\/\/encuentroinformativo.com.mx\/index.php?rest_route=\/wp\/v2\/users\/2476"}],"replies":[{"embeddable":true,"href":"https:\/\/encuentroinformativo.com.mx\/index.php?rest_route=%2Fwp%2Fv2%2Fcomments&post=56953"}],"version-history":[{"count":1,"href":"https:\/\/encuentroinformativo.com.mx\/index.php?rest_route=\/wp\/v2\/posts\/56953\/revisions"}],"predecessor-version":[{"id":56955,"href":"https:\/\/encuentroinformativo.com.mx\/index.php?rest_route=\/wp\/v2\/posts\/56953\/revisions\/56955"}],"wp:featuredmedia":[{"embeddable":true,"href":"https:\/\/encuentroinformativo.com.mx\/index.php?rest_route=\/wp\/v2\/media\/56954"}],"wp:attachment":[{"href":"https:\/\/encuentroinformativo.com.mx\/index.php?rest_route=%2Fwp%2Fv2%2Fmedia&parent=56953"}],"wp:term":[{"taxonomy":"category","embeddable":true,"href":"https:\/\/encuentroinformativo.com.mx\/index.php?rest_route=%2Fwp%2Fv2%2Fcategories&post=56953"},{"taxonomy":"post_tag","embeddable":true,"href":"https:\/\/encuentroinformativo.com.mx\/index.php?rest_route=%2Fwp%2Fv2%2Ftags&post=56953"}],"curies":[{"name":"wp","href":"https:\/\/api.w.org\/{rel}","templated":true}]}}