{"id":56956,"date":"2024-07-25T14:02:23","date_gmt":"2024-07-25T20:02:23","guid":{"rendered":"https:\/\/encuentroinformativo.com.mx\/?p=56956"},"modified":"2024-07-25T14:02:31","modified_gmt":"2024-07-25T20:02:31","slug":"mal-estado-de-carreteras-afecta-inversiones-afirman-constructores","status":"publish","type":"post","link":"https:\/\/encuentroinformativo.com.mx\/?p=56956","title":{"rendered":"Mal estado de carreteras afecta inversiones, afirman constructores"},"content":{"rendered":"\n<p><strong>Dar\u00edo Pale <\/strong><\/p>\n\n\n\n<p>Xalapa, Ver.- En p\u00e9simo estado casi todas las carreteras de norte a sur de Veracruz y el mal estado merma la inversi\u00f3n e incrementa la inseguridad, &#8220;pr\u00e1cticamente nos hemos estado quedando sin carreteras en todo el Estado&#8221;, expres\u00f3 el presidente de la C\u00e1mara Mexicana de la Industria de la Construcci\u00f3n Veracruz -Centro, Rafael Fern\u00e1ndez de Lara.<\/p>\n\n\n\n<p>En conferencia de prensa, reconoci\u00f3 que aunque el 75 u el 80 por ciento de las carreteras pueda estar en buen estado, dentro de muchos tramos carreteros un 20 o 30 por ciento est\u00e1n en p\u00e9simas condiciones.<\/p>\n\n\n\n<p>Por ejemplo, la carretera federal Xalapa &#8211; Perote esta en buen estado, pero tiene tramos muy malos.<\/p>\n\n\n\n<p>Record\u00f3 que en Veracruz existen 2 mil 580 kil\u00f3metros de red carretera federal y darle mantenimiento en su totalidad es un tema mayor cuando no existe presupuesto para darle mantenimiento.<\/p>\n\n\n\n<p>&#8220;Cancelaron en enero la inversi\u00f3n de 12 mil millones de pesos a nivel nacional para el mantenimiento de carreteras, que lo iba a hacer el Ej\u00e9rcito, no lo hizo nadie y las carreteras cada aguacero que hay, son miles de baches&#8221;, se\u00f1al\u00f3.<\/p>\n\n\n\n<p>Revel\u00f3 que este tema se trat\u00f3 durante una reuni\u00f3n con la gobernadora electa Roc\u00edo Nahle Garc\u00eda, quien asegur\u00f3 que ya est\u00e1 tratando el tema de los presupuestos para atacar &#8220;puntos de conflicto&#8221; en las carreteras, as\u00ed como para su modernizaci\u00f3n de las v\u00edas de comunicaci\u00f3n.<\/p>\n\n\n\n<p>&#8220;De los 2 mil 580 kil\u00f3metros o 2 mil 600 en n\u00fameros cerrados de carreteras, un 75 y 80 por ciento lo podemos calificar como buenas condiciones, pero con un bache que se agarre se tiene para acordarse de quien le venga a la mente&#8221;, coment\u00f3.<\/p>\n\n\n\n<p>En el caso de la autopista Totomoxtle se quedaron 18.2 kil\u00f3metros sin hacerse y ah\u00ed, en ese tramo se encuentra la Central Nucleoel\u00e9ctrica de Laguna Verde.<\/p>\n\n\n\n<p>&#8220;No estamos salvos de alguna emergencia, Laguna Verde est\u00e1 en ese tramo y yo creo que en el primer kil\u00f3metro no pasa nadie porque ya nos hicimos bolas todos&#8221;, lament\u00f3.<\/p>\n\n\n\n<p>Por esto y otros temas relacionados con las carreteras, la CMIC est\u00e1 apoyando a la pr\u00f3xima gobernadora para que se encuentren soluciones porque esto se &#8220;abandon\u00f3 por completo&#8221;.<\/p>\n\n\n\n<p>En ese sentido, el Consejo Metropolitano de Xalapa y los cinco representantes de todo el Estado han \u00a0externado su preocupaci\u00f3n por el mal estado de las carreteras, desde el norte hasta el sur, lo cual frena la inversi\u00f3n.<\/p>\n\n\n\n<p>&#8220;Incrementa los costos e incrementa la inseguridad, esto es muy importante para el desarrollo econ\u00f3mico del Estado&#8221;, inform\u00f3.<\/p>\n\n\n\n<p>Finalmente dio a conocer que, &#8220;ya se le present\u00f3 a la gobernadora electa, ya se le present\u00f3 al pr\u00f3ximo secretario de Gobierno y ellos tienen muy clara la problem\u00e1tica que se van a encontrar en las carreteras. Hay la proyecci\u00f3n de reparar las carreteras&#8221;.<\/p>\n\n\n\n<figure class=\"wp-block-image size-large\"><img loading=\"lazy\" decoding=\"async\" width=\"1024\" height=\"576\" src=\"https:\/\/encuentroinformativo.com.mx\/wp-content\/uploads\/2024\/07\/1000350482-1024x576.jpg\" alt=\"\" class=\"wp-image-56958\" srcset=\"https:\/\/encuentroinformativo.com.mx\/wp-content\/uploads\/2024\/07\/1000350482-1024x576.jpg 1024w, https:\/\/encuentroinformativo.com.mx\/wp-content\/uploads\/2024\/07\/1000350482-300x169.jpg 300w, https:\/\/encuentroinformativo.com.mx\/wp-content\/uploads\/2024\/07\/1000350482-768x432.jpg 768w, https:\/\/encuentroinformativo.com.mx\/wp-content\/uploads\/2024\/07\/1000350482-1536x864.jpg 1536w, https:\/\/encuentroinformativo.com.mx\/wp-content\/uploads\/2024\/07\/1000350482.jpg 1599w\" sizes=\"auto, (max-width: 1024px) 100vw, 1024px\" \/><\/figure>\n","protected":false},"excerpt":{"rendered":"<p>Dar\u00edo Pale Xalapa, Ver.- En p\u00e9simo estado casi todas las carreteras de norte a sur de Veracruz y el mal estado merma la inversi\u00f3n e incrementa la inseguridad, &#8220;pr\u00e1cticamente nos hemos estado quedando sin carreteras en todo el Estado&#8221;, expres\u00f3 el presidente de la C\u00e1mara Mexicana de la Industria de la Construcci\u00f3n Veracruz -Centro, Rafael [&hellip;]<\/p>\n","protected":false},"author":2476,"featured_media":56957,"comment_status":"open","ping_status":"open","sticky":false,"template":"","format":"standard","meta":{"_jetpack_memberships_contains_paid_content":false,"footnotes":""},"categories":[2],"tags":[],"class_list":["post-56956","post","type-post","status-publish","format-standard","has-post-thumbnail","hentry","category-estado"],"jetpack_featured_media_url":"https:\/\/encuentroinformativo.com.mx\/wp-content\/uploads\/2024\/07\/IMG-20240725-WA0039.jpg","jetpack_sharing_enabled":true,"jetpack_likes_enabled":true,"amp_enabled":true,"_links":{"self":[{"href":"https:\/\/encuentroinformativo.com.mx\/index.php?rest_route=\/wp\/v2\/posts\/56956","targetHints":{"allow":["GET"]}}],"collection":[{"href":"https:\/\/encuentroinformativo.com.mx\/index.php?rest_route=\/wp\/v2\/posts"}],"about":[{"href":"https:\/\/encuentroinformativo.com.mx\/index.php?rest_route=\/wp\/v2\/types\/post"}],"author":[{"embeddable":true,"href":"https:\/\/encuentroinformativo.com.mx\/index.php?rest_route=\/wp\/v2\/users\/2476"}],"replies":[{"embeddable":true,"href":"https:\/\/encuentroinformativo.com.mx\/index.php?rest_route=%2Fwp%2Fv2%2Fcomments&post=56956"}],"version-history":[{"count":1,"href":"https:\/\/encuentroinformativo.com.mx\/index.php?rest_route=\/wp\/v2\/posts\/56956\/revisions"}],"predecessor-version":[{"id":56959,"href":"https:\/\/encuentroinformativo.com.mx\/index.php?rest_route=\/wp\/v2\/posts\/56956\/revisions\/56959"}],"wp:featuredmedia":[{"embeddable":true,"href":"https:\/\/encuentroinformativo.com.mx\/index.php?rest_route=\/wp\/v2\/media\/56957"}],"wp:attachment":[{"href":"https:\/\/encuentroinformativo.com.mx\/index.php?rest_route=%2Fwp%2Fv2%2Fmedia&parent=56956"}],"wp:term":[{"taxonomy":"category","embeddable":true,"href":"https:\/\/encuentroinformativo.com.mx\/index.php?rest_route=%2Fwp%2Fv2%2Fcategories&post=56956"},{"taxonomy":"post_tag","embeddable":true,"href":"https:\/\/encuentroinformativo.com.mx\/index.php?rest_route=%2Fwp%2Fv2%2Ftags&post=56956"}],"curies":[{"name":"wp","href":"https:\/\/api.w.org\/{rel}","templated":true}]}}