{"id":5696,"date":"2020-09-10T09:29:16","date_gmt":"2020-09-10T14:29:16","guid":{"rendered":"https:\/\/encuentroinformativo.com.mx\/?p=5696"},"modified":"2020-09-10T09:29:16","modified_gmt":"2020-09-10T14:29:16","slug":"orizaba-mas-capital-que-xalapa","status":"publish","type":"post","link":"https:\/\/encuentroinformativo.com.mx\/?p=5696","title":{"rendered":"Orizaba, m\u00e1s Capital que Xalapa"},"content":{"rendered":"<p dir=\"ltr\"><strong>Los Pol\u00edticos\u00a0<\/strong><\/p>\n<p dir=\"ltr\"><strong>Salvador Mu\u00f1oz<\/strong><\/p>\n<p>&nbsp;<\/p>\n<p dir=\"ltr\"><span data-originalfontsize=\"11pt\" data-originalcomputedfontsize=\"14.666666984558105\">Nuestros actos de fe frente a las urnas ya deben de acabar\u2026 est\u00e1 claro que no basta muchas veces que sean pol\u00edticos, tampoco que sean catedr\u00e1ticos y mucho menos ciudadanos, y en descargo de estos \u00faltimos, estoy seguro que hay mucha buena intenci\u00f3n, pero no se gobierna con tal.<\/span><\/p>\n<p dir=\"ltr\"><span data-originalfontsize=\"11pt\" data-originalcomputedfontsize=\"14.666666984558105\">Las ideolog\u00edas son para el sal\u00f3n y los dogmas para los templos\u2026 nuestro municipio, su municipio, cualquier municipio, requiere de administradores de nuestra riqueza, nuestro tesoro que es en s\u00ed, nuestra ciudad.<\/span><\/p>\n<p dir=\"ltr\"><span data-originalfontsize=\"11pt\" data-originalcomputedfontsize=\"14.666666984558105\">II<\/span><\/p>\n<p dir=\"ltr\"><span data-originalfontsize=\"11pt\" data-originalcomputedfontsize=\"14.666666984558105\">Pas\u00f3 un gobierno pri\u00edsta, un panista y est\u00e1 en estos momentos un morenista y sigo sin entender c\u00f3mo es que ninguno de \u00e9stos tuvo o tiene la ocurrencia de acercarse a Orizaba, buscar a Juan Manuel Diez Francos y preguntarle c\u00f3mo lo hizo y c\u00f3mo lo hace hasta ahora\u2026<\/span><\/p>\n<p dir=\"ltr\"><span data-originalfontsize=\"11pt\" data-originalcomputedfontsize=\"14.666666984558105\">Me refiero al caso de Orizaba, ciudad que en un momento de su historia fue sede de los Poderes del Estado hasta que Juan de la Luz Enr\u00edquez los cambi\u00f3 a Xalapa, donde los empresarios locales y del Puerto aplaudieron tal movimiento, por ello, la capital lleva su apellido, pero el cementerio de la Pluviosilla tambi\u00e9n\u2026<\/span><\/p>\n<p dir=\"ltr\"><span data-originalfontsize=\"11pt\" data-originalcomputedfontsize=\"14.666666984558105\">Y si bien es cierto que con Enr\u00edquez Lara tuvo su apogeo la Atenas Veracruzana, m\u00e1s cierto es que con Diez Francos, Orizaba dio un giro que la posiciona desde hace ya una docena de a\u00f1os aproximadamente, como una ciudad modelo a seguir\u2026 \u00a1pero nadie la sigue!<\/span><\/p>\n<p dir=\"ltr\"><span data-originalfontsize=\"11pt\" data-originalcomputedfontsize=\"14.666666984558105\">III<\/span><\/p>\n<p dir=\"ltr\"><span data-originalfontsize=\"11pt\" data-originalcomputedfontsize=\"14.666666984558105\">Seamos sinceros\u2026 Juan Manuel Diez Francos ha sido un personaje que encaja a la perfecci\u00f3n en el \u201cno es monedita de oro\u201d&#8230; s\u00ed, es un higadito, tanto para los ciudadanos como para los pol\u00edticos, de tal forma que cuando fue alcalde por primera ocasi\u00f3n, los chayoteros estaban indignados por la \u201climpia\u201d de \u201cMar\u00edas\u201d que hac\u00eda con la fuerza policiaca para quitarlas del centro y si no reubicarlas en un zoco, sacarlas de plano\u2026 bueno, esto fue en el contexto social\u2026 en el pol\u00edtico, se cuenta que en cierta ocasi\u00f3n, en una reuni\u00f3n con el entonces gobernador Duarte, empez\u00f3 una especie de debate propio entre este orizabe\u00f1o y el cordob\u00e9s, \u00a1vamos! un cl\u00e1sico regional que los que viven o hayan vivido en esta zona, lo sabr\u00e1n entender. Cuentan que el Gobernador se estaba llevando la peor parte del encuentro porque Diez Francos, como se sabe, se habla de t\u00fa con el poder, y por eso le val\u00eda la investidura del Mandatario estatal\u2026 no me crea, pero para concluir ya el encuentro, entr\u00f3 al quite otro cordob\u00e9s (\u00a1montoneros! s\u00f3lo as\u00ed: el que escribe es orizabe\u00f1o), Erik Porres Blesa, quien de tajo, le dijo a Diez Francos:<\/span><br \/>\n<span data-originalfontsize=\"11pt\" data-originalcomputedfontsize=\"14.666666984558105\">\u2013\u00bfSabe c\u00f3mo nos dicen los orizabe\u00f1os?<\/span><\/p>\n<p dir=\"ltr\"><span data-originalfontsize=\"11pt\" data-originalcomputedfontsize=\"14.666666984558105\">\u2013\u00bfC\u00f3mo\u2013 respondi\u00f3 intrigado el alcalde de Orizaba\u2026<\/span><\/p>\n<p dir=\"ltr\"><span data-originalfontsize=\"11pt\" data-originalcomputedfontsize=\"14.666666984558105\">\u2013\u00a1Mande usted, Patr\u00f3n!<\/span><\/p>\n<p dir=\"ltr\"><span data-originalfontsize=\"11pt\" data-originalcomputedfontsize=\"14.666666984558105\">Lo que solt\u00f3 las carcajadas de los presentes, salvando la noche al Gobernador\u2026<\/span><br \/>\n<span data-originalfontsize=\"11pt\" data-originalcomputedfontsize=\"14.666666984558105\">PD Erik tambi\u00e9n me la aplic\u00f3 en cierta comida donde curiosamente, estaba el actual alcalde de Orizaba.<\/span><\/p>\n<p dir=\"ltr\"><span data-originalfontsize=\"11pt\" data-originalcomputedfontsize=\"14.666666984558105\">IV<\/span><\/p>\n<p dir=\"ltr\"><span data-originalfontsize=\"11pt\" data-originalcomputedfontsize=\"14.666666984558105\">Pero nos estamos saliendo del tema\u2026 a lo que iba es que siendo un personaje quiz\u00e1s no simp\u00e1tico ni agradable, tanto el chayotero como el for\u00e1neo, as\u00ed como el pol\u00edtico y el servidor p\u00fablico, reconocen la Transformaci\u00f3n que en menos de una administraci\u00f3n municipal hizo Diez Francos en la tambi\u00e9n llamada Ciudad de las Aguas Alegres\u2026 pero lo mejor no queda con \u00e9l, sino que la siguiente administraci\u00f3n, el alcalde Hugo Chah\u00edn Malluly sigui\u00f3 la misma l\u00ednea de trabajo ya encaminada por el empresario quien regres\u00f3 ganando de nuevo en las urnas y seguir d\u00e1ndole a Orizaba ese matiz, ese color, ese toque que hasta el momento mantiene Igor Roj\u00ed L\u00f3pez\u2026 hablamos de una docena de a\u00f1os que hicieron de Orizaba una ciudad que hoy por hoy, es ejemplo nacional de lo que un presidente municipal que llega a trabajar en serio, puede hacer. Ac\u00e1 no hubo que \u201cel anterior alcalde hizo esto, pues yo lo quito y hago mi propio estilo\u2026\u201d, \u00a1no!<\/span><\/p>\n<p dir=\"ltr\"><span data-originalfontsize=\"11pt\" data-originalcomputedfontsize=\"14.666666984558105\">V<\/span><\/p>\n<p dir=\"ltr\"><span data-originalfontsize=\"11pt\" data-originalcomputedfontsize=\"14.666666984558105\">Y si se dio cuenta, citamos a tres empresarios que se incorporaron a la pol\u00edtica pero con un panorama m\u00e1s amplio, fr\u00edo si se quiere ver, pero efectivo; donde la mano dura quiz\u00e1s doli\u00f3 al principio, pero los resultados empezaron a darle la raz\u00f3n a una aut\u00e9ntica transformaci\u00f3n, alejada de dogmas y doctrinas\u2026 por eso, sigo sin entender c\u00f3mo es que ni gobiernos estatales o municipales pri\u00edstas, panistas y hoy morenistas, han buscado a Juan Manuel Diez Francos para que los asesore, para que les explique de qu\u00e9 trata una administraci\u00f3n\u2026 porque s\u00f3lo un necio no ver\u00eda que de cierto modo, a m\u00e1s de un siglo de distancia, cuando all\u00e1 por 1880ytantos Juan de la Luz Enr\u00edquez llev\u00f3 los Poderes del Estado de Orizaba a Xalapa, hoy, si bien la Pluviosilla sigue sin ellos, no es necesario que los tenga, porque cualquiera que visite la Atenas Veracruzana y luego la Ciudad de las Aguas Alegres, ver\u00e1 que es m\u00e1s capital Orizaba que Xalapa. Nuestros actos de fe frente a las urnas ya deben de acabar\u2026<\/span><\/p>\n<p>&nbsp;<\/p>\n<p dir=\"ltr\"><a href=\"mailto:smcainito@gmail.com\" target=\"_blank\" rel=\"noopener noreferrer\" data-removefontsize=\"true\" data-originalcomputedfontsize=\"14.666666984558105\">smcainito@gmail.com<\/a><\/p>\n","protected":false},"excerpt":{"rendered":"<p>Los Pol\u00edticos\u00a0 Salvador Mu\u00f1oz &nbsp; Nuestros actos de fe frente a las urnas ya deben de acabar\u2026 est\u00e1 claro que no basta muchas veces que sean pol\u00edticos, tampoco que sean catedr\u00e1ticos y mucho menos ciudadanos, y en descargo de estos \u00faltimos, estoy seguro que hay mucha buena intenci\u00f3n, pero no se gobierna con tal. Las [&hellip;]<\/p>\n","protected":false},"author":1,"featured_media":387,"comment_status":"open","ping_status":"open","sticky":false,"template":"","format":"standard","meta":{"_jetpack_memberships_contains_paid_content":false,"footnotes":""},"categories":[11],"tags":[],"class_list":["post-5696","post","type-post","status-publish","format-standard","has-post-thumbnail","hentry","category-opinion"],"jetpack_featured_media_url":"https:\/\/encuentroinformativo.com.mx\/wp-content\/uploads\/2020\/03\/7CF8A22B-2764-47BE-8F7F-38FE9E5D6A2F.jpeg","jetpack_sharing_enabled":true,"jetpack_likes_enabled":true,"amp_enabled":true,"_links":{"self":[{"href":"https:\/\/encuentroinformativo.com.mx\/index.php?rest_route=\/wp\/v2\/posts\/5696","targetHints":{"allow":["GET"]}}],"collection":[{"href":"https:\/\/encuentroinformativo.com.mx\/index.php?rest_route=\/wp\/v2\/posts"}],"about":[{"href":"https:\/\/encuentroinformativo.com.mx\/index.php?rest_route=\/wp\/v2\/types\/post"}],"author":[{"embeddable":true,"href":"https:\/\/encuentroinformativo.com.mx\/index.php?rest_route=\/wp\/v2\/users\/1"}],"replies":[{"embeddable":true,"href":"https:\/\/encuentroinformativo.com.mx\/index.php?rest_route=%2Fwp%2Fv2%2Fcomments&post=5696"}],"version-history":[{"count":1,"href":"https:\/\/encuentroinformativo.com.mx\/index.php?rest_route=\/wp\/v2\/posts\/5696\/revisions"}],"predecessor-version":[{"id":5697,"href":"https:\/\/encuentroinformativo.com.mx\/index.php?rest_route=\/wp\/v2\/posts\/5696\/revisions\/5697"}],"wp:featuredmedia":[{"embeddable":true,"href":"https:\/\/encuentroinformativo.com.mx\/index.php?rest_route=\/wp\/v2\/media\/387"}],"wp:attachment":[{"href":"https:\/\/encuentroinformativo.com.mx\/index.php?rest_route=%2Fwp%2Fv2%2Fmedia&parent=5696"}],"wp:term":[{"taxonomy":"category","embeddable":true,"href":"https:\/\/encuentroinformativo.com.mx\/index.php?rest_route=%2Fwp%2Fv2%2Fcategories&post=5696"},{"taxonomy":"post_tag","embeddable":true,"href":"https:\/\/encuentroinformativo.com.mx\/index.php?rest_route=%2Fwp%2Fv2%2Ftags&post=5696"}],"curies":[{"name":"wp","href":"https:\/\/api.w.org\/{rel}","templated":true}]}}