{"id":56960,"date":"2024-07-25T14:06:14","date_gmt":"2024-07-25T20:06:14","guid":{"rendered":"https:\/\/encuentroinformativo.com.mx\/?p=56960"},"modified":"2024-07-25T14:06:19","modified_gmt":"2024-07-25T20:06:19","slug":"accidente-vehicular-en-carretera-de-alvarado-deja-dos-muertos","status":"publish","type":"post","link":"https:\/\/encuentroinformativo.com.mx\/?p=56960","title":{"rendered":"Accidente vehicular en carretera de Alvarado deja dos muertos"},"content":{"rendered":"\n<p><strong>Alejandro \u00c1vila<\/strong><\/p>\n\n\n\n<p>Alvarado, Ver.- La tarde de este jueves se suscit\u00f3 un aparatoso y mortal accidente en la carretera federal 180 en el municipio de Alvarado, el cual dej\u00f3 un saldo de dos personas fallecidas y varios heridos.<\/p>\n\n\n\n<p>Los hechos ocurrieron pasado el mediod\u00eda a la altura del rancho conocido como &#8220;El Cocal&#8221; en direcci\u00f3n norte a sur, donde cuatro veh\u00edculos se vieron involucrados dejando cuantiosos da\u00f1os materiales y p\u00e9rdidas humanas.<\/p>\n\n\n\n<p>En dicho percance vehicular estuvieron involucrados un autom\u00f3vil March color gris, una camioneta Mazda color blanca, una camioneta de redilas de carga, la cual qued\u00f3 volcada hacia la maleza y, un veh\u00edculo color negro presumiblemente de la marca Jetta, la cual obtuvo los peores dividendos.<\/p>\n\n\n\n<p>Los reportes indican que en el veh\u00edculo negro tipo Jetta viajaban 5 personas, 2 hombres, 2 mujeres y un menor de edad; tras el fuerte accidente, tanto el conductor como una mujer en la parte trasera que presumiblemente ven\u00eda amamantando a un beb\u00e9 perdieron la vida, mientras que la copiloto y el otro acompa\u00f1ante masculino en la parte trasera as\u00ed como el peque\u00f1o de brazos, sobrevivieron, aunque con m\u00faltiples lesiones, por lo cual tuvieron que ser trasladados al hospital.<\/p>\n\n\n\n<p>El resto de personas que estuvieron involucradas en el percance automovil\u00edstico sufrieron lesiones leves, pero fueron atendidos por los Param\u00e9dicos de Protecci\u00f3n Civil por crisis nerviosa y revisi\u00f3n de rutina.<\/p>\n\n\n\n<p>Al siniestro acudieron Cuerpos de Emergencia, elementos de Polic\u00eda Municipal, Polic\u00eda Estatal y Guardia Nacional.<\/p>\n","protected":false},"excerpt":{"rendered":"<p>Alejandro \u00c1vila Alvarado, Ver.- La tarde de este jueves se suscit\u00f3 un aparatoso y mortal accidente en la carretera federal 180 en el municipio de Alvarado, el cual dej\u00f3 un saldo de dos personas fallecidas y varios heridos. Los hechos ocurrieron pasado el mediod\u00eda a la altura del rancho conocido como &#8220;El Cocal&#8221; en direcci\u00f3n [&hellip;]<\/p>\n","protected":false},"author":2476,"featured_media":56961,"comment_status":"open","ping_status":"open","sticky":false,"template":"","format":"standard","meta":{"_jetpack_memberships_contains_paid_content":false,"footnotes":""},"categories":[2],"tags":[],"class_list":["post-56960","post","type-post","status-publish","format-standard","has-post-thumbnail","hentry","category-estado"],"jetpack_featured_media_url":"https:\/\/encuentroinformativo.com.mx\/wp-content\/uploads\/2024\/07\/IMG-20240725-WA0048.jpg","jetpack_sharing_enabled":true,"jetpack_likes_enabled":true,"amp_enabled":true,"_links":{"self":[{"href":"https:\/\/encuentroinformativo.com.mx\/index.php?rest_route=\/wp\/v2\/posts\/56960","targetHints":{"allow":["GET"]}}],"collection":[{"href":"https:\/\/encuentroinformativo.com.mx\/index.php?rest_route=\/wp\/v2\/posts"}],"about":[{"href":"https:\/\/encuentroinformativo.com.mx\/index.php?rest_route=\/wp\/v2\/types\/post"}],"author":[{"embeddable":true,"href":"https:\/\/encuentroinformativo.com.mx\/index.php?rest_route=\/wp\/v2\/users\/2476"}],"replies":[{"embeddable":true,"href":"https:\/\/encuentroinformativo.com.mx\/index.php?rest_route=%2Fwp%2Fv2%2Fcomments&post=56960"}],"version-history":[{"count":1,"href":"https:\/\/encuentroinformativo.com.mx\/index.php?rest_route=\/wp\/v2\/posts\/56960\/revisions"}],"predecessor-version":[{"id":56962,"href":"https:\/\/encuentroinformativo.com.mx\/index.php?rest_route=\/wp\/v2\/posts\/56960\/revisions\/56962"}],"wp:featuredmedia":[{"embeddable":true,"href":"https:\/\/encuentroinformativo.com.mx\/index.php?rest_route=\/wp\/v2\/media\/56961"}],"wp:attachment":[{"href":"https:\/\/encuentroinformativo.com.mx\/index.php?rest_route=%2Fwp%2Fv2%2Fmedia&parent=56960"}],"wp:term":[{"taxonomy":"category","embeddable":true,"href":"https:\/\/encuentroinformativo.com.mx\/index.php?rest_route=%2Fwp%2Fv2%2Fcategories&post=56960"},{"taxonomy":"post_tag","embeddable":true,"href":"https:\/\/encuentroinformativo.com.mx\/index.php?rest_route=%2Fwp%2Fv2%2Ftags&post=56960"}],"curies":[{"name":"wp","href":"https:\/\/api.w.org\/{rel}","templated":true}]}}