{"id":56966,"date":"2024-07-25T17:02:29","date_gmt":"2024-07-25T23:02:29","guid":{"rendered":"https:\/\/encuentroinformativo.com.mx\/?p=56966"},"modified":"2024-07-25T17:02:37","modified_gmt":"2024-07-25T23:02:37","slug":"liberan-a-migrante-menor-de-edad-secuestrado-en-tabasco","status":"publish","type":"post","link":"https:\/\/encuentroinformativo.com.mx\/?p=56966","title":{"rendered":"Liberan a migrante menor de edad secuestrado en Tabasco"},"content":{"rendered":"\n<p><strong>Alejandro \u00c1vila<\/strong><\/p>\n\n\n\n<p>Coatzacoalcos, Ver.- La Unidad Especializada en Combate al Secuestro (UECS) de Coatzacoalcos en conjunto con su hom\u00f3loga de Tabasco, rescataron a un migrante menor de edad secuestrado a principios del mes de julio.<\/p>\n\n\n\n<p>En el operativo realizado en el municipio de Tenosique, Tabasco, donde se rescat\u00f3 al menor de edad de nacionalidad hondure\u00f1a tambi\u00e9n se detuvieron a dos presuntos secuestradores, Azucena Yamileth &#8220;N&#8221; y Jes\u00fas Manuel &#8220;N&#8221;.<\/p>\n\n\n\n<p>Los presuntos secuestradores manten\u00edan privado de su libertad al peque\u00f1o desde el pasado 2 de julio, por el cual ped\u00edan un rescate por la cantidad de 5 mil d\u00f3lares; el secuestro ocurri\u00f3 en el municipio de Acayucan en el Estado de Veracruz; por lo que la madre ve la v\u00edctima acudi\u00f3 a la UECS para realizar la denuncia correspondiente.<\/p>\n\n\n\n<p>Azucena Yamileth y Jes\u00fas Manuel \u201cN\u201dmanten\u00edan privado de la libertad a la v\u00edctima de 10 a\u00f1os de edad en un inmueble ubicado en la avenida Constituci\u00f3n, sin n\u00famero, de colonia Pueblo Unido primera ampliaci\u00f3n, en Tenosique, Tabasco; hasta donde llegaron elementos de la UECS Coatzacoalcos logrando la liberaci\u00f3n del menor y la detenci\u00f3n de los presuntos secuestradores.<\/p>\n\n\n\n<p>En el operativo donde fueron detenidos Azucena Yamileth &#8220;N&#8221; y Jes\u00fas Manuel &#8220;N&#8221;, no se realiz\u00f3 disparo alguno.<\/p>\n\n\n\n<p>Los detenidos fueron puestos a disposici\u00f3n del Fiscal en turno de la Unidad Especializada en Combate al Secuestro, inici\u00e1ndose as\u00ed, el t\u00e9rmino Constitucional que corresponde, y una vez conclu\u00eddo, se acudir\u00e1 ante el Juez para celebrar la audiencia inicial.<\/p>\n","protected":false},"excerpt":{"rendered":"<p>Alejandro \u00c1vila Coatzacoalcos, Ver.- La Unidad Especializada en Combate al Secuestro (UECS) de Coatzacoalcos en conjunto con su hom\u00f3loga de Tabasco, rescataron a un migrante menor de edad secuestrado a principios del mes de julio. En el operativo realizado en el municipio de Tenosique, Tabasco, donde se rescat\u00f3 al menor de edad de nacionalidad hondure\u00f1a [&hellip;]<\/p>\n","protected":false},"author":2476,"featured_media":56967,"comment_status":"open","ping_status":"open","sticky":false,"template":"","format":"standard","meta":{"_jetpack_memberships_contains_paid_content":false,"footnotes":""},"categories":[2],"tags":[],"class_list":["post-56966","post","type-post","status-publish","format-standard","has-post-thumbnail","hentry","category-estado"],"jetpack_featured_media_url":"https:\/\/encuentroinformativo.com.mx\/wp-content\/uploads\/2024\/07\/IMG-20240725-WA0067.jpg","jetpack_sharing_enabled":true,"jetpack_likes_enabled":true,"amp_enabled":true,"_links":{"self":[{"href":"https:\/\/encuentroinformativo.com.mx\/index.php?rest_route=\/wp\/v2\/posts\/56966","targetHints":{"allow":["GET"]}}],"collection":[{"href":"https:\/\/encuentroinformativo.com.mx\/index.php?rest_route=\/wp\/v2\/posts"}],"about":[{"href":"https:\/\/encuentroinformativo.com.mx\/index.php?rest_route=\/wp\/v2\/types\/post"}],"author":[{"embeddable":true,"href":"https:\/\/encuentroinformativo.com.mx\/index.php?rest_route=\/wp\/v2\/users\/2476"}],"replies":[{"embeddable":true,"href":"https:\/\/encuentroinformativo.com.mx\/index.php?rest_route=%2Fwp%2Fv2%2Fcomments&post=56966"}],"version-history":[{"count":1,"href":"https:\/\/encuentroinformativo.com.mx\/index.php?rest_route=\/wp\/v2\/posts\/56966\/revisions"}],"predecessor-version":[{"id":56968,"href":"https:\/\/encuentroinformativo.com.mx\/index.php?rest_route=\/wp\/v2\/posts\/56966\/revisions\/56968"}],"wp:featuredmedia":[{"embeddable":true,"href":"https:\/\/encuentroinformativo.com.mx\/index.php?rest_route=\/wp\/v2\/media\/56967"}],"wp:attachment":[{"href":"https:\/\/encuentroinformativo.com.mx\/index.php?rest_route=%2Fwp%2Fv2%2Fmedia&parent=56966"}],"wp:term":[{"taxonomy":"category","embeddable":true,"href":"https:\/\/encuentroinformativo.com.mx\/index.php?rest_route=%2Fwp%2Fv2%2Fcategories&post=56966"},{"taxonomy":"post_tag","embeddable":true,"href":"https:\/\/encuentroinformativo.com.mx\/index.php?rest_route=%2Fwp%2Fv2%2Ftags&post=56966"}],"curies":[{"name":"wp","href":"https:\/\/api.w.org\/{rel}","templated":true}]}}