{"id":56969,"date":"2024-07-26T01:28:24","date_gmt":"2024-07-26T07:28:24","guid":{"rendered":"https:\/\/encuentroinformativo.com.mx\/?p=56969"},"modified":"2024-07-26T01:29:15","modified_gmt":"2024-07-26T07:29:15","slug":"ssp-y-fuerzas-federales-refuerzan-seguridad-en-texistepec-acayucan-y-san-juan-evangelista","status":"publish","type":"post","link":"https:\/\/encuentroinformativo.com.mx\/?p=56969","title":{"rendered":"SSP y fuerzas federales refuerzan seguridad en Texistepec, Acayucan y San Juan Evangelista"},"content":{"rendered":"\n<p>Xalapa, Ver.- Como parte de la estrategia para inhibir la comisi\u00f3n de delitos en la zona sur de la entidad veracruzana, efectivos de la Secretar\u00eda de Seguridad P\u00fablica (SSP), a trav\u00e9s de Polic\u00eda Estatal en coordinaci\u00f3n con SEDENA, SEMAR y Guardia Nacional reforzaron la vigilancia en San Juan Evangelista, Texistepec y Acayucan.<\/p>\n\n\n\n<p>Uniformados estatales realizan inspecciones para prevenir conductas que deriven en situaciones de riesgo, adem\u00e1s de fortalecer el esquema Cero Tolerancia.<\/p>\n\n\n\n<p>Se realizan revisiones mediante la implementaci\u00f3n de Base de Operaciones Mixtas (BOM), para detectar cualquier objeto que pueda ser utilizado para la comisi\u00f3n de alg\u00fan delito.<\/p>\n\n\n\n<p>Asimismo, los uniformados han redoblado los recorridos a pie y en patrulla en la zona comercial, puntos de mayor afluencia de personas, as\u00ed como sucursales bancarias y lugares donde se lleven a cabo actividades econ\u00f3micas.<\/p>\n\n\n\n<p>Tambi\u00e9n vigilan las colonias y principales calles, cabe se\u00f1alar que los uniformados realizan los operativos en apego a los derechos humanos y hacen un exhorto a los habitantes a colaborar con el personal de SSP o reportar incidentes a la l\u00ednea de emergencias 911.<\/p>\n","protected":false},"excerpt":{"rendered":"<p>Xalapa, Ver.- Como parte de la estrategia para inhibir la comisi\u00f3n de delitos en la zona sur de la entidad veracruzana, efectivos de la Secretar\u00eda de Seguridad P\u00fablica (SSP), a trav\u00e9s de Polic\u00eda Estatal en coordinaci\u00f3n con SEDENA, SEMAR y Guardia Nacional reforzaron la vigilancia en San Juan Evangelista, Texistepec y Acayucan. Uniformados estatales realizan [&hellip;]<\/p>\n","protected":false},"author":2476,"featured_media":56971,"comment_status":"open","ping_status":"open","sticky":false,"template":"","format":"standard","meta":{"_jetpack_memberships_contains_paid_content":false,"footnotes":""},"categories":[2],"tags":[],"class_list":["post-56969","post","type-post","status-publish","format-standard","has-post-thumbnail","hentry","category-estado"],"jetpack_featured_media_url":"https:\/\/encuentroinformativo.com.mx\/wp-content\/uploads\/2024\/07\/IMG-20240725-WA0083.jpg","jetpack_sharing_enabled":true,"jetpack_likes_enabled":true,"amp_enabled":true,"_links":{"self":[{"href":"https:\/\/encuentroinformativo.com.mx\/index.php?rest_route=\/wp\/v2\/posts\/56969","targetHints":{"allow":["GET"]}}],"collection":[{"href":"https:\/\/encuentroinformativo.com.mx\/index.php?rest_route=\/wp\/v2\/posts"}],"about":[{"href":"https:\/\/encuentroinformativo.com.mx\/index.php?rest_route=\/wp\/v2\/types\/post"}],"author":[{"embeddable":true,"href":"https:\/\/encuentroinformativo.com.mx\/index.php?rest_route=\/wp\/v2\/users\/2476"}],"replies":[{"embeddable":true,"href":"https:\/\/encuentroinformativo.com.mx\/index.php?rest_route=%2Fwp%2Fv2%2Fcomments&post=56969"}],"version-history":[{"count":1,"href":"https:\/\/encuentroinformativo.com.mx\/index.php?rest_route=\/wp\/v2\/posts\/56969\/revisions"}],"predecessor-version":[{"id":56970,"href":"https:\/\/encuentroinformativo.com.mx\/index.php?rest_route=\/wp\/v2\/posts\/56969\/revisions\/56970"}],"wp:featuredmedia":[{"embeddable":true,"href":"https:\/\/encuentroinformativo.com.mx\/index.php?rest_route=\/wp\/v2\/media\/56971"}],"wp:attachment":[{"href":"https:\/\/encuentroinformativo.com.mx\/index.php?rest_route=%2Fwp%2Fv2%2Fmedia&parent=56969"}],"wp:term":[{"taxonomy":"category","embeddable":true,"href":"https:\/\/encuentroinformativo.com.mx\/index.php?rest_route=%2Fwp%2Fv2%2Fcategories&post=56969"},{"taxonomy":"post_tag","embeddable":true,"href":"https:\/\/encuentroinformativo.com.mx\/index.php?rest_route=%2Fwp%2Fv2%2Ftags&post=56969"}],"curies":[{"name":"wp","href":"https:\/\/api.w.org\/{rel}","templated":true}]}}