{"id":56972,"date":"2024-07-26T01:39:59","date_gmt":"2024-07-26T07:39:59","guid":{"rendered":"https:\/\/encuentroinformativo.com.mx\/?p=56972"},"modified":"2024-07-26T01:40:10","modified_gmt":"2024-07-26T07:40:10","slug":"investiga-fiscalia-atentado-contra-tesorera-de-texistepec","status":"publish","type":"post","link":"https:\/\/encuentroinformativo.com.mx\/?p=56972","title":{"rendered":"Investiga Fiscal\u00eda atentado contra tesorera de Texistepec"},"content":{"rendered":"\n<p><strong>Dar\u00edo Pale <\/strong><\/p>\n\n\n\n<p>Xalapa, Ver.- Fuera de peligro tesorera de Texistepec, se investiga agresi\u00f3n, adem\u00e1s siguen ejecutando \u00f3rdenes de aprehensi\u00f3n contra elementos de Fuerza Civil y de Polic\u00eda Estatal, as\u00ed lo dio a conocer la fiscal general del Estado (FGE), Ver\u00f3nica Hern\u00e1ndez Giad\u00e1ns.<\/p>\n\n\n\n<p>Entrevistada en San Juan de Ul\u00faa, inform\u00f3 que ya se investigan los hechos en los que fue baleada la tesorera del ayuntamiento de Texistepec, Thelma Pav\u00f3n y su chofer, Cris\u00f3foro Bernal.<\/p>\n\n\n\n<p>&#8220;Iniciamos una carpeta de investigaci\u00f3n por los hechos de las lesiones, que sufrieron ella y su conductor&#8221;, se\u00f1al\u00f3.<\/p>\n\n\n\n<p>Dijo que al parecer est\u00e1n fuera de peligro y asegur\u00f3 que la trilog\u00eda investigadora ya est\u00e1 en el lugar de los hechos para proceder conforme a Derecho.<\/p>\n\n\n\n<p>Los hechos ocurrieron este jueves alrededor de las 3 de la tarde, en la calle Matamoros del municipio de Texistepec, situado en el sur del estado de Veracruz.<\/p>\n\n\n\n<p>Por otra parte, Hern\u00e1ndez Giad\u00e1ns, inform\u00f3 que ya se est\u00e1n ejecutando m\u00e1s \u00f3rdenes de aprehensi\u00f3n contra de elementos de la Fuerza Civil y de la Polic\u00eda Estatal, relacionados con varios hechos.<\/p>\n\n\n\n<p>Puntualiz\u00f3 que por los hechos de la localidad de Totalco, perteneciente al municipio de Perote, son dos \u00f3rdenes de aprehensi\u00f3n.<\/p>\n\n\n\n<p>Asimismo, dijo que se est\u00e1n ejecutando tres \u00f3rdenes de aprehensi\u00f3n por el homicidio de un joven en el municipio de Banderilla.<\/p>\n\n\n\n<p>Por \u00faltimo en el caso de los dos j\u00f3venes que fueron agredidos tambi\u00e9n por elementos de la Secretar\u00eda de Seguridad P\u00fablica del Estado, en el fraccionamiento Lago, defini\u00f3 que contin\u00faa la investigaci\u00f3n.<\/p>\n","protected":false},"excerpt":{"rendered":"<p>Dar\u00edo Pale Xalapa, Ver.- Fuera de peligro tesorera de Texistepec, se investiga agresi\u00f3n, adem\u00e1s siguen ejecutando \u00f3rdenes de aprehensi\u00f3n contra elementos de Fuerza Civil y de Polic\u00eda Estatal, as\u00ed lo dio a conocer la fiscal general del Estado (FGE), Ver\u00f3nica Hern\u00e1ndez Giad\u00e1ns. Entrevistada en San Juan de Ul\u00faa, inform\u00f3 que ya se investigan los hechos [&hellip;]<\/p>\n","protected":false},"author":2476,"featured_media":56973,"comment_status":"open","ping_status":"open","sticky":false,"template":"","format":"standard","meta":{"_jetpack_memberships_contains_paid_content":false,"footnotes":""},"categories":[2],"tags":[],"class_list":["post-56972","post","type-post","status-publish","format-standard","has-post-thumbnail","hentry","category-estado"],"jetpack_featured_media_url":"https:\/\/encuentroinformativo.com.mx\/wp-content\/uploads\/2024\/07\/IMG-20240725-WA01002-scaled.jpg","jetpack_sharing_enabled":true,"jetpack_likes_enabled":true,"amp_enabled":true,"_links":{"self":[{"href":"https:\/\/encuentroinformativo.com.mx\/index.php?rest_route=\/wp\/v2\/posts\/56972","targetHints":{"allow":["GET"]}}],"collection":[{"href":"https:\/\/encuentroinformativo.com.mx\/index.php?rest_route=\/wp\/v2\/posts"}],"about":[{"href":"https:\/\/encuentroinformativo.com.mx\/index.php?rest_route=\/wp\/v2\/types\/post"}],"author":[{"embeddable":true,"href":"https:\/\/encuentroinformativo.com.mx\/index.php?rest_route=\/wp\/v2\/users\/2476"}],"replies":[{"embeddable":true,"href":"https:\/\/encuentroinformativo.com.mx\/index.php?rest_route=%2Fwp%2Fv2%2Fcomments&post=56972"}],"version-history":[{"count":1,"href":"https:\/\/encuentroinformativo.com.mx\/index.php?rest_route=\/wp\/v2\/posts\/56972\/revisions"}],"predecessor-version":[{"id":56974,"href":"https:\/\/encuentroinformativo.com.mx\/index.php?rest_route=\/wp\/v2\/posts\/56972\/revisions\/56974"}],"wp:featuredmedia":[{"embeddable":true,"href":"https:\/\/encuentroinformativo.com.mx\/index.php?rest_route=\/wp\/v2\/media\/56973"}],"wp:attachment":[{"href":"https:\/\/encuentroinformativo.com.mx\/index.php?rest_route=%2Fwp%2Fv2%2Fmedia&parent=56972"}],"wp:term":[{"taxonomy":"category","embeddable":true,"href":"https:\/\/encuentroinformativo.com.mx\/index.php?rest_route=%2Fwp%2Fv2%2Fcategories&post=56972"},{"taxonomy":"post_tag","embeddable":true,"href":"https:\/\/encuentroinformativo.com.mx\/index.php?rest_route=%2Fwp%2Fv2%2Ftags&post=56972"}],"curies":[{"name":"wp","href":"https:\/\/api.w.org\/{rel}","templated":true}]}}