{"id":56985,"date":"2024-07-26T02:06:26","date_gmt":"2024-07-26T08:06:26","guid":{"rendered":"https:\/\/encuentroinformativo.com.mx\/?p=56985"},"modified":"2024-07-26T02:06:43","modified_gmt":"2024-07-26T08:06:43","slug":"alcalde-jm-unanue-corono-a-maria-rosalin-como-la-doncella-del-mar-de-las-fiestas-de-santa-ana-2024","status":"publish","type":"post","link":"https:\/\/encuentroinformativo.com.mx\/?p=56985","title":{"rendered":"Alcalde JM Un\u00e1nue coron\u00f3 a Mar\u00eda Rosalin como la Doncella del Mar de las fiestas de Santa Ana 2024"},"content":{"rendered":"\n<p><strong>* <em>Y en el primer gran concierto, la voz de Mijares deleit\u00f3 a miles de boque\u00f1os y visitantes que se dieron cita en la Plaza C\u00edvica de Boca del R\u00edo<\/em>.<\/strong><\/p>\n\n\n\n<p>Boca del R\u00edo, Ver.- Miles de espectadores que llenaron la Plaza C\u00edvica Benito Ju\u00e1rez fueron testigos del inicio de la celebraci\u00f3n m\u00e1s importante de Boca del R\u00edo con la coronaci\u00f3n de la Corte Real de las Fiestas de Santa Ana 2024.<\/p>\n\n\n\n<p>Fue el alcalde de Boca del R\u00edo, Juan Manuel Un\u00e1nue Abascal, acompa\u00f1ado por su esposa, la presidenta del DIF Municipal; Melina Rivera de Un\u00e1nue y de su peque\u00f1a hija Aitana, quienes dieron la bienvenida a esta celebraci\u00f3n llena de regocijo y tradici\u00f3n.<\/p>\n\n\n\n<p>\u201cEstamos muy contentos e iniciamos con Mijares, agradecerles a todos y que disfruten estas fiestas, este a\u00f1o el Ayuntamiento ha hecho un esfuerzo grande para tener unas fiestas de primer nivel\u201d, destac\u00f3 el edil.<\/p>\n\n\n\n<p>Previo a la imposici\u00f3n de la corona, la Corte Real 2023 desfil\u00f3 por el escenario principal, agradeciendo a los boque\u00f1os su cari\u00f1o a lo largo de un a\u00f1o.<\/p>\n\n\n\n<p>Acto seguido, la Corte Real 2024 fue presentada a la sociedad de Boca del R\u00edo, para dar paso a la entrega de la banda y centro a la Florecita del Mar 2024; Ximena Ramos Torres de manos de la se\u00f1ora Melina Rivera de Un\u00e1nue y de la peque\u00f1a Aitana.<\/p>\n\n\n\n<p>Y por su parte, el presidente municipal, Juan Manuel Un\u00e1nue Abascal, coloc\u00f3 banda, entreg\u00f3 cetro y corona a la nueva y distinguida Doncella del Mar 2024; Mar\u00eda Rosalin Cruz Barrientos.<\/p>\n\n\n\n<p>Mientras que la Presidenta del DIF, distingui\u00f3 al joven \u00c1ngel Gabriel Delf\u00edn Molina, como Trit\u00f3n 2024 al entregarle oficialmente su tridente y corona.<\/p>\n\n\n\n<p>Rivera de Un\u00e1nue y el Secretario de Turismo Estatal; Iv\u00e1n Mart\u00ednez Olvera, oficializaron a In\u00e9s de Jes\u00fas Mart\u00ednez Esmediche como Princesa Primera y como Princesa Segunda a la joven Ingrid D\u00edaz G\u00f3mez.<\/p>\n\n\n\n<p><em><strong>PRIMER GRAN CONCIERTO DE MIJARES<\/strong><\/em><\/p>\n\n\n\n<p>Previo a la presentaci\u00f3n del \u201cSoldado del Amor\u201d, el Presidente Municipal y su esposa entregaron un merecido reconocimiento al cantante Mijares, por su participaci\u00f3n en estas Fiestas de Santa Ana 2024.<\/p>\n\n\n\n<p>\u201cGracias a mi tocayo Juan Manuel por habernos invitado a estas fiestas de Santa Ana que hoy arrancan\u201d, dijo con cari\u00f1o a los miles presentes en la Plaza C\u00edvica Benito Ju\u00e1rez.<\/p>\n\n\n\n<p>Minutos m\u00e1s tarde, Jos\u00e9 Manuel Mijares inici\u00f3 la velada musical con uno de sus temas m\u00e1s importantes de su carrera art\u00edstica, \u201cSi me enamoro\u201d.<\/p>\n\n\n\n<p>Para continuar con otros \u00e9xitos que fueron vitoreados como \u201cNo se muri\u00f3 el amor\u201d, \u201cSoldado del amor\u201d, \u201cBella\u201d, entre otros \u00e9xitos, convirti\u00e9ndose en uno de los conciertos m\u00e1s recordados por su talento.<\/p>\n\n\n\n<p><em><strong>ACTOS RELIGIOSOS<\/strong><\/em><\/p>\n\n\n\n<p>Previamente, en punto de las 17 horas se realizaron las confirmaciones en Casa de Nuestra Se\u00f1ora de Santa Ana.<\/p>\n\n\n\n<p>M\u00e1s tarde, el pueblo boque\u00f1o acompa\u00f1\u00f3 a la imagen de Nuestra Se\u00f1ora de Santa Ana durante su recorrido por la cabecera municipal, cont\u00e1ndose tambi\u00e9n con la presencia del alcalde, la presidenta del DIF, el Obispo de Veracruz; Carlos Brise\u00f1o Arch, as\u00ed como el padre Guillermo Arturo Ram\u00edrez Mart\u00ednez; P\u00e1rroco de la iglesia de Santa Ana, adem\u00e1s del cuerpo edilicio.<\/p>\n\n\n\n<p>Al llegar a la parroquia, se rindi\u00f3 una serenata, as\u00ed como una misa solemne con respeto y devoci\u00f3n por parte de los habitantes de Boca del R\u00edo.<\/p>\n\n\n\n<p><strong><em>PROGRAMA VIERNES 26 DE JULIO<\/em><br><\/strong>12:00 hrs. Misa Solemne de los Santos Patronos<br>Lugar: Parroquia de nuestra se\u00f1ora de Santa Ana<\/p>\n\n\n\n<p>13:30 hrs. Paseo Acu\u00e1tico por el r\u00edo Jamapa y la ofrenda floral<\/p>\n\n\n\n<p>15:00 hrs. Tradicional filete relleno de mariscos<br>Lugar: Av. Revoluci\u00f3n, colonia Centro.<\/p>\n\n\n\n<p>19:00 hrs. Misa de Conclusi\u00f3n de los Sacramentos<\/p>\n\n\n\n<p>21:00 hrs. Segundo Gran Concierto Masivo a cargo de Tito Nieves<br>Lugar: Plaza C\u00edvica<\/p>\n\n\n\n<p>Para conocer el programa de actividades, lo puedes hacer a trav\u00e9s de las redes sociales oficiales del Ayuntamiento de Boca del R\u00edo; www.facebook.com\/MpioBocadelRio, X: @_BocadelRio e Instagram: @bocadelrio.ver<\/p>\n\n\n\n<figure class=\"wp-block-image size-large\"><img loading=\"lazy\" decoding=\"async\" width=\"1024\" height=\"682\" src=\"https:\/\/encuentroinformativo.com.mx\/wp-content\/uploads\/2024\/07\/1000350903-1024x682.jpg\" alt=\"\" class=\"wp-image-56987\" srcset=\"https:\/\/encuentroinformativo.com.mx\/wp-content\/uploads\/2024\/07\/1000350903-1024x682.jpg 1024w, https:\/\/encuentroinformativo.com.mx\/wp-content\/uploads\/2024\/07\/1000350903-300x200.jpg 300w, https:\/\/encuentroinformativo.com.mx\/wp-content\/uploads\/2024\/07\/1000350903-768x511.jpg 768w, https:\/\/encuentroinformativo.com.mx\/wp-content\/uploads\/2024\/07\/1000350903.jpg 1280w\" sizes=\"auto, (max-width: 1024px) 100vw, 1024px\" \/><\/figure>\n","protected":false},"excerpt":{"rendered":"<p>* Y en el primer gran concierto, la voz de Mijares deleit\u00f3 a miles de boque\u00f1os y visitantes que se dieron cita en la Plaza C\u00edvica de Boca del R\u00edo. Boca del R\u00edo, Ver.- Miles de espectadores que llenaron la Plaza C\u00edvica Benito Ju\u00e1rez fueron testigos del inicio de la celebraci\u00f3n m\u00e1s importante de Boca [&hellip;]<\/p>\n","protected":false},"author":2476,"featured_media":56986,"comment_status":"open","ping_status":"open","sticky":false,"template":"","format":"standard","meta":{"_jetpack_memberships_contains_paid_content":false,"footnotes":""},"categories":[2],"tags":[],"class_list":["post-56985","post","type-post","status-publish","format-standard","has-post-thumbnail","hentry","category-estado"],"jetpack_featured_media_url":"https:\/\/encuentroinformativo.com.mx\/wp-content\/uploads\/2024\/07\/IMG-20240725-WA0133.jpg","jetpack_sharing_enabled":true,"jetpack_likes_enabled":true,"amp_enabled":true,"_links":{"self":[{"href":"https:\/\/encuentroinformativo.com.mx\/index.php?rest_route=\/wp\/v2\/posts\/56985","targetHints":{"allow":["GET"]}}],"collection":[{"href":"https:\/\/encuentroinformativo.com.mx\/index.php?rest_route=\/wp\/v2\/posts"}],"about":[{"href":"https:\/\/encuentroinformativo.com.mx\/index.php?rest_route=\/wp\/v2\/types\/post"}],"author":[{"embeddable":true,"href":"https:\/\/encuentroinformativo.com.mx\/index.php?rest_route=\/wp\/v2\/users\/2476"}],"replies":[{"embeddable":true,"href":"https:\/\/encuentroinformativo.com.mx\/index.php?rest_route=%2Fwp%2Fv2%2Fcomments&post=56985"}],"version-history":[{"count":1,"href":"https:\/\/encuentroinformativo.com.mx\/index.php?rest_route=\/wp\/v2\/posts\/56985\/revisions"}],"predecessor-version":[{"id":56988,"href":"https:\/\/encuentroinformativo.com.mx\/index.php?rest_route=\/wp\/v2\/posts\/56985\/revisions\/56988"}],"wp:featuredmedia":[{"embeddable":true,"href":"https:\/\/encuentroinformativo.com.mx\/index.php?rest_route=\/wp\/v2\/media\/56986"}],"wp:attachment":[{"href":"https:\/\/encuentroinformativo.com.mx\/index.php?rest_route=%2Fwp%2Fv2%2Fmedia&parent=56985"}],"wp:term":[{"taxonomy":"category","embeddable":true,"href":"https:\/\/encuentroinformativo.com.mx\/index.php?rest_route=%2Fwp%2Fv2%2Fcategories&post=56985"},{"taxonomy":"post_tag","embeddable":true,"href":"https:\/\/encuentroinformativo.com.mx\/index.php?rest_route=%2Fwp%2Fv2%2Ftags&post=56985"}],"curies":[{"name":"wp","href":"https:\/\/api.w.org\/{rel}","templated":true}]}}