{"id":5699,"date":"2020-09-10T11:35:56","date_gmt":"2020-09-10T16:35:56","guid":{"rendered":"https:\/\/encuentroinformativo.com.mx\/?p=5699"},"modified":"2020-09-10T11:35:56","modified_gmt":"2020-09-10T16:35:56","slug":"promueve-diputado-reunion-de-seguridad-en-misantla","status":"publish","type":"post","link":"https:\/\/encuentroinformativo.com.mx\/?p=5699","title":{"rendered":"Promueve diputado reuni\u00f3n de seguridad en Misantla"},"content":{"rendered":"<p><span style=\"font-size: 1rem;\">Alto Lucero de Guti\u00e9rrez Barrios, Ver.- Acuden alcaldes del Distrito VIII con cabecera en Misantla, al llamado del Presidente de la Comisi\u00f3n Permanente de Seguridad P\u00fablica y Diputado Carlos Jim\u00e9nez D\u00edaz, mejor conocido como &#8220;El Potrillo&#8221;, a reuni\u00f3n de trabajo en materia de seguridad p\u00fablica de la regi\u00f3n.<\/span><\/p>\n<p>Debido a la situaci\u00f3n imperante por la pandemia y por motivos de seguridad para los asistentes, s\u00f3lo fueron convocados, de manera responsable, 10 presidentes del distrito de Misantla.<\/p>\n<p>Dicha reuni\u00f3n estuvo presidida por el Secretario de Seguridad P\u00fablica (SSP) del Estado, Lic. Hugo Guti\u00e9rrez Maldonado y se cont\u00f3 con la presencia del General Brigadier Diplomado del Estado Mayor (DEM), Sergio Armando Moreno Gonz\u00e1lez, Coordinador Estatal de la Guardia Nacional.<\/p>\n<p>Atendiendo una de las principales peticiones de los alcaldes de su distrito, el diputado Jim\u00e9nez D\u00edaz, tuvo el respaldo del titular de la SSP y del Coordinador estatal de la Guardia Nacional en Veracruz, siendo ya una garant\u00eda para que, las fuerzas del orden, comiencen a trabajar de manera coordinada y bajo estrategias que refuercen la seguridad p\u00fablica de la regi\u00f3n.<\/p>\n<p>Tomando en cuenta que, quienes conocen de primera mano la problem\u00e1tica, son los presidentes municipales, \u00e9sta reuni\u00f3n abre una nueva perspectiva con esquemas que brinden certeza a la ciudadan\u00eda, tanto en el distrito de Misantla, como en todo el territorio veracruzano, de que se busca el beneficio social y la construcci\u00f3n de la paz.<\/p>\n<p>El anfitri\u00f3n, fue el presidente municipal de Alto Lucero de Guti\u00e9rrez Barrios, Javier Castillo Viveros, quien recibi\u00f3, adem\u00e1s de los ya mencionados, a los presidentes municipales de: Acatl\u00e1n, Rosa Garc\u00eda Alarc\u00f3n; Coacoatzintla, Alma Guadalupe Maravert Alba; Chiconquiaco, Nazario Perea Aguilar; Miahuatl\u00e1n, Erika Isabel Ju\u00e1rez Llanos; Naolinco, Roberto Carlos Reyes Aguilar; Tepetl\u00e1n, Carlos Romero Gonz\u00e1lez; Tonay\u00e1n, Cirina Apodaca Qui\u00f1ones; Vega de Alatorre, Rom\u00e1n Bastida Huesca y Tenochtitlan, Primitiva S\u00e1nchez Gabriel.<\/p>\n","protected":false},"excerpt":{"rendered":"<p>Alto Lucero de Guti\u00e9rrez Barrios, Ver.- Acuden alcaldes del Distrito VIII con cabecera en Misantla, al llamado del Presidente de la Comisi\u00f3n Permanente de Seguridad P\u00fablica y Diputado Carlos Jim\u00e9nez D\u00edaz, mejor conocido como &#8220;El Potrillo&#8221;, a reuni\u00f3n de trabajo en materia de seguridad p\u00fablica de la regi\u00f3n. Debido a la situaci\u00f3n imperante por la [&hellip;]<\/p>\n","protected":false},"author":1,"featured_media":5700,"comment_status":"open","ping_status":"open","sticky":false,"template":"","format":"standard","meta":{"_jetpack_memberships_contains_paid_content":false,"footnotes":""},"categories":[2],"tags":[],"class_list":["post-5699","post","type-post","status-publish","format-standard","has-post-thumbnail","hentry","category-estado"],"jetpack_featured_media_url":"https:\/\/encuentroinformativo.com.mx\/wp-content\/uploads\/2020\/09\/27AB16DA-6446-4533-AE34-4F8BDCBABBE0.jpeg","jetpack_sharing_enabled":true,"jetpack_likes_enabled":true,"amp_enabled":true,"_links":{"self":[{"href":"https:\/\/encuentroinformativo.com.mx\/index.php?rest_route=\/wp\/v2\/posts\/5699","targetHints":{"allow":["GET"]}}],"collection":[{"href":"https:\/\/encuentroinformativo.com.mx\/index.php?rest_route=\/wp\/v2\/posts"}],"about":[{"href":"https:\/\/encuentroinformativo.com.mx\/index.php?rest_route=\/wp\/v2\/types\/post"}],"author":[{"embeddable":true,"href":"https:\/\/encuentroinformativo.com.mx\/index.php?rest_route=\/wp\/v2\/users\/1"}],"replies":[{"embeddable":true,"href":"https:\/\/encuentroinformativo.com.mx\/index.php?rest_route=%2Fwp%2Fv2%2Fcomments&post=5699"}],"version-history":[{"count":1,"href":"https:\/\/encuentroinformativo.com.mx\/index.php?rest_route=\/wp\/v2\/posts\/5699\/revisions"}],"predecessor-version":[{"id":5701,"href":"https:\/\/encuentroinformativo.com.mx\/index.php?rest_route=\/wp\/v2\/posts\/5699\/revisions\/5701"}],"wp:featuredmedia":[{"embeddable":true,"href":"https:\/\/encuentroinformativo.com.mx\/index.php?rest_route=\/wp\/v2\/media\/5700"}],"wp:attachment":[{"href":"https:\/\/encuentroinformativo.com.mx\/index.php?rest_route=%2Fwp%2Fv2%2Fmedia&parent=5699"}],"wp:term":[{"taxonomy":"category","embeddable":true,"href":"https:\/\/encuentroinformativo.com.mx\/index.php?rest_route=%2Fwp%2Fv2%2Fcategories&post=5699"},{"taxonomy":"post_tag","embeddable":true,"href":"https:\/\/encuentroinformativo.com.mx\/index.php?rest_route=%2Fwp%2Fv2%2Ftags&post=5699"}],"curies":[{"name":"wp","href":"https:\/\/api.w.org\/{rel}","templated":true}]}}