{"id":56991,"date":"2024-07-26T13:18:46","date_gmt":"2024-07-26T19:18:46","guid":{"rendered":"https:\/\/encuentroinformativo.com.mx\/?p=56991"},"modified":"2024-07-26T13:18:52","modified_gmt":"2024-07-26T19:18:52","slug":"mas-de-50-mil-personas-empadronadas-para-recibir-servicios-de-salud","status":"publish","type":"post","link":"https:\/\/encuentroinformativo.com.mx\/?p=56991","title":{"rendered":"M\u00e1s de 50 mil personas empadronadas para recibir servicios de salud"},"content":{"rendered":"\n<p><strong>Dar\u00edo Pale <\/strong><\/p>\n\n\n\n<p>Xalapa, Ver.- La doctora Romana Guti\u00e9rrez Polo directora de atenci\u00f3n medica de los Servicios de Salud de Veracruz (SESVER), dio a conocer que actualmente ya se empadronaron 50 mil personas en el estado para llevar un control en alguna cl\u00ednica y que no cuentan con seguridad social.<\/p>\n\n\n\n<p>Entrevistada durante la Feria de Salud en el parque Ju\u00e1rez dio a conocer que se puede llevar un control de ni\u00f1os menores de 5 a\u00f1os, con las vacunas y si es una mujer embarazada se puede llevar su control para evitar las complicaciones en los centros de salud donde le pueden detectar complicaciones, por lo que invitan a toda la poblaci\u00f3n para que se acerquen a las unidades de salud como una medida preventiva.<\/p>\n\n\n\n<p>Record\u00f3 que todos los servicios son gratuitos, actualmente est\u00e1n haciendo un registro para aquellas personas que no tienen seguridad social, que es el padr\u00f3n de beneficiarios y les dan una credencial que se les da en cualquier unidad de salud.<\/p>\n\n\n\n<p>Actualmente tiene un padr\u00f3n de aproximadamente 50 mil personas, en 59 m\u00f3dulos en todo el estado y actualmente est\u00e1n en los hospitales, pero principalmente son para los que no cuentan con seguridad social, no es una condici\u00f3n ante empadronarse ya que tambi\u00e9n se le tiene que brindar el apoyo a toda la ciudadan\u00eda.<\/p>\n\n\n\n<p>Tambi\u00e9n tienen la cobertura con los hospitales de salud mental, ya que es muy frecuente que personas con alguna enfermedad de este tipo llegue a los consultorios ya que afortunadamente la sociedad est\u00e1 muy habituada al concepto de la atenci\u00f3n de psicolog\u00eda como si fuera un chequeo general y se puede hacer de manera preventiva con cualquier m\u00e9dico.<\/p>\n\n\n\n<p>En otro orden de idas en cuanto a los casos de dengue coment\u00f3 que, los ciudadanos deben de ser disciplinados en las casas ha que desde ah\u00ed se puede prevenir ya que hay muchos promocionales, y el dengue vive en recipientes de agua muy peque\u00f1os y lo que se tiene que hacer es evitar los recipientes que acumulen agua.<\/p>\n\n\n\n<p>Finalmente se\u00f1al\u00f3 que en estas fechas de lluvias es importante tomar medidas preventivas para que no haya criaderos y evitar esta enfermedad.\u00a0<\/p>\n","protected":false},"excerpt":{"rendered":"<p>Dar\u00edo Pale Xalapa, Ver.- La doctora Romana Guti\u00e9rrez Polo directora de atenci\u00f3n medica de los Servicios de Salud de Veracruz (SESVER), dio a conocer que actualmente ya se empadronaron 50 mil personas en el estado para llevar un control en alguna cl\u00ednica y que no cuentan con seguridad social. Entrevistada durante la Feria de Salud [&hellip;]<\/p>\n","protected":false},"author":2476,"featured_media":56992,"comment_status":"open","ping_status":"open","sticky":false,"template":"","format":"standard","meta":{"_jetpack_memberships_contains_paid_content":false,"footnotes":""},"categories":[9],"tags":[],"class_list":["post-56991","post","type-post","status-publish","format-standard","has-post-thumbnail","hentry","category-salud"],"jetpack_featured_media_url":"https:\/\/encuentroinformativo.com.mx\/wp-content\/uploads\/2024\/07\/IMG-20240726-WA0019.jpg","jetpack_sharing_enabled":true,"jetpack_likes_enabled":true,"amp_enabled":true,"_links":{"self":[{"href":"https:\/\/encuentroinformativo.com.mx\/index.php?rest_route=\/wp\/v2\/posts\/56991","targetHints":{"allow":["GET"]}}],"collection":[{"href":"https:\/\/encuentroinformativo.com.mx\/index.php?rest_route=\/wp\/v2\/posts"}],"about":[{"href":"https:\/\/encuentroinformativo.com.mx\/index.php?rest_route=\/wp\/v2\/types\/post"}],"author":[{"embeddable":true,"href":"https:\/\/encuentroinformativo.com.mx\/index.php?rest_route=\/wp\/v2\/users\/2476"}],"replies":[{"embeddable":true,"href":"https:\/\/encuentroinformativo.com.mx\/index.php?rest_route=%2Fwp%2Fv2%2Fcomments&post=56991"}],"version-history":[{"count":1,"href":"https:\/\/encuentroinformativo.com.mx\/index.php?rest_route=\/wp\/v2\/posts\/56991\/revisions"}],"predecessor-version":[{"id":56993,"href":"https:\/\/encuentroinformativo.com.mx\/index.php?rest_route=\/wp\/v2\/posts\/56991\/revisions\/56993"}],"wp:featuredmedia":[{"embeddable":true,"href":"https:\/\/encuentroinformativo.com.mx\/index.php?rest_route=\/wp\/v2\/media\/56992"}],"wp:attachment":[{"href":"https:\/\/encuentroinformativo.com.mx\/index.php?rest_route=%2Fwp%2Fv2%2Fmedia&parent=56991"}],"wp:term":[{"taxonomy":"category","embeddable":true,"href":"https:\/\/encuentroinformativo.com.mx\/index.php?rest_route=%2Fwp%2Fv2%2Fcategories&post=56991"},{"taxonomy":"post_tag","embeddable":true,"href":"https:\/\/encuentroinformativo.com.mx\/index.php?rest_route=%2Fwp%2Fv2%2Ftags&post=56991"}],"curies":[{"name":"wp","href":"https:\/\/api.w.org\/{rel}","templated":true}]}}