{"id":57,"date":"2020-02-24T16:57:46","date_gmt":"2020-02-24T22:57:46","guid":{"rendered":"https:\/\/encuentroinformativodotcomdotmx.wordpress.com\/2020\/02\/24\/ante-inseguridad-y-violencia-obispos-levantan-la-voz\/"},"modified":"2020-02-24T16:57:46","modified_gmt":"2020-02-24T22:57:46","slug":"ante-inseguridad-y-violencia-obispos-levantan-la-voz","status":"publish","type":"post","link":"https:\/\/encuentroinformativo.com.mx\/?p=57","title":{"rendered":"Ante inseguridad y violencia, obispos levantan la voz"},"content":{"rendered":"<div style=\"color:rgb(49,49,49);font-family:-apple-system, HelveticaNeue;font-style:normal;font-variant-caps:normal;font-weight:normal;letter-spacing:normal;orphans:auto;text-align:start;text-indent:0;text-transform:none;white-space:normal;widows:auto;word-spacing:1px;-webkit-text-size-adjust:auto;text-decoration:none;font-size:1rem;\">\n<strong>Juan Arcos<span class=\"Apple-converted-space\">&nbsp;<\/span><\/strong><\/div>\n<div style=\"color:rgb(49,49,49);font-family:-apple-system, HelveticaNeue;font-size:16px;font-style:normal;font-variant-caps:normal;font-weight:normal;letter-spacing:normal;orphans:auto;text-align:start;text-indent:0;text-transform:none;white-space:normal;widows:auto;word-spacing:1px;-webkit-text-size-adjust:auto;text-decoration:none;\">\n<img loading=\"lazy\" decoding=\"async\" src=\"https:\/\/encuentroinformativo.com.mx\/wp-content\/uploads\/2020\/02\/img_7317.jpg\" class=\"size-full wp-image-54\" width=\"743\" height=\"413\" srcset=\"https:\/\/encuentroinformativo.com.mx\/wp-content\/uploads\/2020\/02\/img_7317.jpg 743w, https:\/\/encuentroinformativo.com.mx\/wp-content\/uploads\/2020\/02\/img_7317-300x167.jpg 300w\" sizes=\"auto, (max-width: 743px) 100vw, 743px\" \/>Xalapa, Ver.- Los Obispos de M\u00e9xico se comprometieron a llevar Centros de Escucha y de Atenci\u00f3n a personas adictas para ayudar a las v\u00edctimas de la violencia en el pa\u00eds.<span class=\"Apple-converted-space\">&nbsp;<\/span><\/div>\n<div style=\"color:rgb(49,49,49);font-family:-apple-system, HelveticaNeue;font-size:16px;font-style:normal;font-variant-caps:normal;font-weight:normal;letter-spacing:normal;orphans:auto;text-align:start;text-indent:0;text-transform:none;white-space:normal;widows:auto;word-spacing:1px;-webkit-text-size-adjust:auto;text-decoration:none;\">\nLos cat\u00f3licos levantaron la voz por los cr\u00edmenes de F\u00e1tima, la beb\u00e9 Karol, la joven Ingrid desollada por su novio y la m\u00e9dico Mayte, baleada cuando acud\u00eda a su centro de trabajo en un UBER.<span class=\"Apple-converted-space\">&nbsp;<\/span><\/div>\n<div style=\"color:rgb(49,49,49);font-family:-apple-system, HelveticaNeue;font-size:16px;font-style:normal;font-variant-caps:normal;font-weight:normal;letter-spacing:normal;orphans:auto;text-align:start;text-indent:0;text-transform:none;white-space:normal;widows:auto;word-spacing:1px;-webkit-text-size-adjust:auto;text-decoration:none;\">\nA su juicio, estos cr\u00edmenes dejaron perplejos por su brutalidad a la sociedad, ofreciendo como obispos consuelo y fortaleza a los pap\u00e1s, familiares, maestros y compa\u00f1eros de las mujeres v\u00edctimas de un crimen.<span class=\"Apple-converted-space\">&nbsp;<\/span><\/div>\n<div style=\"color:rgb(49,49,49);font-family:-apple-system, HelveticaNeue;font-size:16px;font-style:normal;font-variant-caps:normal;font-weight:normal;letter-spacing:normal;orphans:auto;text-align:start;text-indent:0;text-transform:none;white-space:normal;widows:auto;word-spacing:1px;-webkit-text-size-adjust:auto;text-decoration:none;\">\n&#8220;Levantamos la voz, para dar palabra al dolor y a todos los afectados por el, pues el dolor que no habla gime en el coraz\u00f3n hasta que lo rompe, y deseamos ubicarnos desde la fe para que ofrezcamos presencia en palabras, di\u00e1logo y encuentro para abrirnos a la compasi\u00f3n. El grito de dolor de las v\u00edctimas de las violencias clama al cielo por justicia. Los cristianos no podemos permanecer indiferentes. Nos urge el celo prof\u00e9tico de Jes\u00fas de Nazaret\u201d.<\/div>\n<div style=\"color:rgb(49,49,49);font-family:-apple-system, HelveticaNeue;font-size:16px;font-style:normal;font-variant-caps:normal;font-weight:normal;letter-spacing:normal;orphans:auto;text-align:start;text-indent:0;text-transform:none;white-space:normal;widows:auto;word-spacing:1px;-webkit-text-size-adjust:auto;text-decoration:none;\">\nEn ese sentido, consideran que no son extra\u00f1as las protestas p\u00fablicas, pues tan s\u00f3lo a finales del 2019 se registraron mil seis v\u00edctimas de feminicidio.<span class=\"Apple-converted-space\">&nbsp;<\/span><\/div>\n<div style=\"color:rgb(49,49,49);font-family:-apple-system, HelveticaNeue;font-size:16px;font-style:normal;font-variant-caps:normal;font-weight:normal;letter-spacing:normal;orphans:auto;text-align:start;text-indent:0;text-transform:none;white-space:normal;widows:auto;word-spacing:1px;-webkit-text-size-adjust:auto;text-decoration:none;\">\n&#8220;Nos duele profundamente la violencia contra la mujer, que se ha expresado en un nuevo y agresivo rostro visible ante nuestros ojos, en una forma tan cruel que genera desconcierto, dolor, amargura, tristeza, llanto, indignaci\u00f3n, impotencia y muchos deseos de venganza\u201d.<\/div>\n<div style=\"color:rgb(49,49,49);font-family:-apple-system, HelveticaNeue;font-size:16px;font-style:normal;font-variant-caps:normal;font-weight:normal;letter-spacing:normal;orphans:auto;text-align:start;text-indent:0;text-transform:none;white-space:normal;widows:auto;word-spacing:1px;-webkit-text-size-adjust:auto;text-decoration:none;\">\nEn un comunicado enfatizan que la sociedad se enfrenta a una aut\u00e9ntica emergencia educativa pues se han perdido los referentes b\u00e1sicos de la convivencia humana: la verdad, la bondad y la belleza.<span class=\"Apple-converted-space\">&nbsp;<\/span><\/div>\n<div style=\"color:rgb(49,49,49);font-family:-apple-system, HelveticaNeue;font-size:16px;font-style:normal;font-variant-caps:normal;font-weight:normal;letter-spacing:normal;orphans:auto;text-align:start;text-indent:0;text-transform:none;white-space:normal;widows:auto;word-spacing:1px;-webkit-text-size-adjust:auto;text-decoration:none;\">\nAdem\u00e1s, mencionan que en el pa\u00eds se tiene una visi\u00f3n muy estrecha de la educaci\u00f3n, pues suele reducirse al marco de la instituci\u00f3n escolar, suponiendo que es \u201csuficiente\u201d, evadiendo la que implica la vida familiar.<span class=\"Apple-converted-space\">&nbsp;<\/span><\/div>\n<div style=\"color:rgb(49,49,49);font-family:-apple-system, HelveticaNeue;font-size:16px;font-style:normal;font-variant-caps:normal;font-weight:normal;letter-spacing:normal;orphans:auto;text-align:start;text-indent:0;text-transform:none;white-space:normal;widows:auto;word-spacing:1px;-webkit-text-size-adjust:auto;text-decoration:none;\">\n&#8220;Todos somos corresponsables para resolver la crisis de humanidad que enfrentamos: la familia, la escuela, los medios de comunicaci\u00f3n, las iglesias -entre otros- somos actores sociales que tenemos una responsabilidad en la misi\u00f3n de forjar una cultura de esperanza y de paz\u201d.<span class=\"Apple-converted-space\">&nbsp;<\/span><\/div>\n<div style=\"color:rgb(49,49,49);font-family:-apple-system, HelveticaNeue;font-size:16px;font-style:normal;font-variant-caps:normal;font-weight:normal;letter-spacing:normal;orphans:auto;text-align:start;text-indent:0;text-transform:none;white-space:normal;widows:auto;word-spacing:1px;-webkit-text-size-adjust:auto;text-decoration:none;\">\nEl documento fue firmado por Rogelio Cabrera L\u00f3pez, arzobispo de Monterrey y presidente de la CEM; Carlos Garfias Merlos, arzobispo de Morelia y vicepresidente; Alfonso Miranda Guardiola, obispo auxiliar de Monterrey, secretario general; Guillermo Ortiz Mondrag\u00f3n, obispo de Cuautitl\u00e1n y responsable de la Dimensi\u00f3n de Fe y Compromiso Social de la CEM; y Enrique D\u00edaz D\u00edaz, obispo de Irapuato y responsable de Pastoral Educativa y de Cultura de la CEM.<\/div>\n","protected":false},"excerpt":{"rendered":"<p>Juan Arcos&nbsp; Xalapa, Ver.- Los Obispos de M\u00e9xico se comprometieron a llevar Centros de Escucha y de Atenci\u00f3n a personas adictas para ayudar a las v\u00edctimas de la violencia en el pa\u00eds.&nbsp; Los cat\u00f3licos levantaron la voz por los cr\u00edmenes de F\u00e1tima, la beb\u00e9 Karol, la joven Ingrid desollada por su novio y la m\u00e9dico [&hellip;]<\/p>\n","protected":false},"author":1,"featured_media":54,"comment_status":"open","ping_status":"open","sticky":false,"template":"","format":"standard","meta":{"_jetpack_memberships_contains_paid_content":false,"footnotes":""},"categories":[2],"tags":[],"class_list":["post-57","post","type-post","status-publish","format-standard","has-post-thumbnail","hentry","category-estado"],"jetpack_featured_media_url":"https:\/\/encuentroinformativo.com.mx\/wp-content\/uploads\/2020\/02\/img_7317.jpg","jetpack_sharing_enabled":true,"jetpack_likes_enabled":true,"amp_enabled":true,"_links":{"self":[{"href":"https:\/\/encuentroinformativo.com.mx\/index.php?rest_route=\/wp\/v2\/posts\/57","targetHints":{"allow":["GET"]}}],"collection":[{"href":"https:\/\/encuentroinformativo.com.mx\/index.php?rest_route=\/wp\/v2\/posts"}],"about":[{"href":"https:\/\/encuentroinformativo.com.mx\/index.php?rest_route=\/wp\/v2\/types\/post"}],"author":[{"embeddable":true,"href":"https:\/\/encuentroinformativo.com.mx\/index.php?rest_route=\/wp\/v2\/users\/1"}],"replies":[{"embeddable":true,"href":"https:\/\/encuentroinformativo.com.mx\/index.php?rest_route=%2Fwp%2Fv2%2Fcomments&post=57"}],"version-history":[{"count":0,"href":"https:\/\/encuentroinformativo.com.mx\/index.php?rest_route=\/wp\/v2\/posts\/57\/revisions"}],"wp:featuredmedia":[{"embeddable":true,"href":"https:\/\/encuentroinformativo.com.mx\/index.php?rest_route=\/wp\/v2\/media\/54"}],"wp:attachment":[{"href":"https:\/\/encuentroinformativo.com.mx\/index.php?rest_route=%2Fwp%2Fv2%2Fmedia&parent=57"}],"wp:term":[{"taxonomy":"category","embeddable":true,"href":"https:\/\/encuentroinformativo.com.mx\/index.php?rest_route=%2Fwp%2Fv2%2Fcategories&post=57"},{"taxonomy":"post_tag","embeddable":true,"href":"https:\/\/encuentroinformativo.com.mx\/index.php?rest_route=%2Fwp%2Fv2%2Ftags&post=57"}],"curies":[{"name":"wp","href":"https:\/\/api.w.org\/{rel}","templated":true}]}}