{"id":57004,"date":"2024-07-27T10:53:40","date_gmt":"2024-07-27T16:53:40","guid":{"rendered":"https:\/\/encuentroinformativo.com.mx\/?p=57004"},"modified":"2024-07-27T10:53:49","modified_gmt":"2024-07-27T16:53:49","slug":"mas-de-6-mil-personas-degustan-del-filete-relleno-y-gozan-con-tito-nieves-en-el-cuarto-dia-de-santa-ana","status":"publish","type":"post","link":"https:\/\/encuentroinformativo.com.mx\/?p=57004","title":{"rendered":"M\u00e1s de 6 mil personas degustan del Filete Relleno y gozan con Tito Nieves en el cuarto d\u00eda de Santa Ana"},"content":{"rendered":"\n<p><strong>* <em>El edil boque\u00f1o reconoci\u00f3 a los restauranteros de la cabecera municipal por su aporte gastron\u00f3mico en estas fiestas patronales<\/em>.<\/strong><\/p>\n\n\n\n<p><strong>* <em>Asimismo encabez\u00f3 el paseo acu\u00e1tico y ofrenda floral a nuestra Se\u00f1ora de Santa Ana para despu\u00e9s cerrar la noche con el gran concierto de Tito Nieves<\/em>.<\/strong><\/p>\n\n\n\n<p>Boca del R\u00edo, Ver.- El alcalde de Boca del R\u00edo, Juan Manuel Un\u00e1nue Abascal, encabez\u00f3 el tradicional corte de list\u00f3n del Filete de relleno de Mariscos m\u00e1s grande del mundo y as\u00ed dar paso a los m\u00e1s de 6 mil asistentes para su degustaci\u00f3n.<\/p>\n\n\n\n<p>Acompa\u00f1ado de su esposa, la se\u00f1ora Melina Rivera de Un\u00e1nue, as\u00ed como de la Doncella del Mar 2024; Mar\u00eda Rosalin Cruz Barrientos y el Trit\u00f3n; \u00c1ngel Gabriel Delf\u00edn Molina y restauranteros de Boca del R\u00edo, cortaron el list\u00f3n para dar inicio a este evento gastron\u00f3mico y de gran tradici\u00f3n en Boca del R\u00edo.<\/p>\n\n\n\n<p>\u201cEl reconocimiento es para la gente trabajadora de Boca del R\u00edo, para los restauranteros y pescadores que han hecho durante todos estos a\u00f1os las fiestas de Santa Ana en toda una tradici\u00f3n, resultado de ello; fiestas seguras y familiares\u201d, destac\u00f3 Juan Manuel Un\u00e1nue Abascal.<\/p>\n\n\n\n<p>Este a\u00f1o el filete midi\u00f3 100 metros y para su preparaci\u00f3n se cont\u00f3 con una tonelada y media de mariscos para el disfrute de m\u00e1s de 6 mil personas.<\/p>\n\n\n\n<p>Por otra parte, el presidente de la Asociaci\u00f3n de Restauranteros de Boca del R\u00edo-Libro Guines A.C., Lorenzo Montalvo D\u00edaz, entreg\u00f3 un reconocimiento al alcalde Juan Manuel Un\u00e1nue, por su entrega a la promoci\u00f3n, difusi\u00f3n e impulso de la gastronom\u00eda de nuestra ciudad, adem\u00e1s de hacerle entrega de la medalla conmemorativa, la cual ha sido entregada a personalidades relevantes que han impulsado al sector.<\/p>\n\n\n\n<p>Cabe resaltar que esta impresionante haza\u00f1a culinaria boque\u00f1a, es uno de los grandes atractivos de las festividades, destacando la riqueza gastron\u00f3mica de la ciudad, brindando una experiencia \u00fanica a todos los asistentes.<\/p>\n\n\n\n<p><em><strong>PASEO ACU\u00c1TICO Y OFRENDA FLORAL<\/strong><\/em><\/p>\n\n\n\n<p>Previo al Filete relleno de Mariscos, el alcalde acompa\u00f1ado de la presidenta del DIF; Melina Rivera de Un\u00e1nue, as\u00ed como por el Obispo de Veracruz; Carlos Brise\u00f1o Arch y el presb\u00edtero Guillermo Arturo Ram\u00edrez Mart\u00ednez de la Parroquia de Santa Ana, adem\u00e1s de la Corte Real 2024, encabezaron el Paseo Acu\u00e1tico y Ofrenda Floral a Nuestra Se\u00f1ora de Santa Ana.<\/p>\n\n\n\n<p>En un acto de respeto por la tradici\u00f3n boque\u00f1a, las autoridades abordaron lanchas para recorrer el r\u00edo Jamapa y navegar junto con los pescadores y habitantes creyentes y realizar la procesi\u00f3n acu\u00e1tica por el afluente.<\/p>\n\n\n\n<p>De manera conjunta, al llegar al islote donde se encuentra una representaci\u00f3n de la Patrona de los boque\u00f1os, mostraron su devoci\u00f3n y esp\u00edritu comunitario, entregando el ejecutivo municipal una ofrenda floral; ahora se espera una buena temporada de pesca y protecci\u00f3n al municipio.<\/p>\n\n\n\n<p><strong><em>SEGUNDO MAGNO CONCIERTO<\/em><br><\/strong>El puertorrique\u00f1o Tito Nieves, uno de los iconos vivientes del g\u00e9nero salsa, se present\u00f3 con gran \u00e9xito la noche de este viernes en las fiestas de Santa Ana 2024.<\/p>\n\n\n\n<p>Considerado como poseedor de una de las voces privilegiadas de la m\u00fasica latina, agradeci\u00f3 al presidente municipal de Boca del R\u00edo, Juan Manuel Un\u00e1nue Abascal y a su esposa, Melina Rivera de Un\u00e1nue, al recibir un reconocimiento por su participaci\u00f3n en la fiesta patronal boque\u00f1a.<\/p>\n\n\n\n<p>Minutos mas tarde en el escenario al grito de \u201c\u00a1Tito!, \u00a1Tito!, \u00a1Tito!\u201d, dijo, \u201cesta noche va ser muy m\u00e1gica, gracias, gracias se\u00f1or alcalde Juan Manuel y tambi\u00e9n a su querida esposa Melina, muchas gracias por la invitaci\u00f3n y gracias todos ustedes que son muy importantes&#8221;.<\/p>\n\n\n\n<p>Y enseguida la orquesta dio inicio a la melod\u00eda para cantar \u201cM\u00e1s que tu amigo\u201d, \u201cEres para mi\u201d y \u201cTuyo\u201d, convirtiendo a la Plaza C\u00edvica en una enorme pista de baile.<\/p>\n\n\n\n<p><strong><em>ACTIVIDADES RELIGIOSAS<\/em><br><\/strong>Previamente al medio d\u00eda en la parroquia de Santa Ana, se llev\u00f3 a cabo la Misa de los Abuelos, la cual fue celebrada por el Obispo de Veracruz, Carlos Brise\u00f1o Arch en compa\u00f1\u00eda del P\u00e1rroco Guillermo Arturo Ram\u00edrez Mart\u00ednez.<\/p>\n\n\n\n<p>Y por \u00faltimo, se realiz\u00f3 la Misa de Clausura, dando fin a las actividades religiosas.<\/p>\n\n\n\n<p><strong><em>PROGRAMA S\u00c1BADO 27 DE JULIO<\/em><br><\/strong>12:00 hrs. Tradicional Ba\u00f1o Popular con los padrinos de lujo Mariana Seoane y Chico Che Chico<br>Lugar: Plaza C\u00edvica<\/p>\n\n\n\n<p>21:00 hrs. Tercer Magno Concierto: Luis \u00c1ngel \u201cEl Flaco\u201d<br>Lugar: Plaza C\u00edvica<\/p>\n\n\n\n<p>Para conocer el programa de actividades, pueden hacerlo a trav\u00e9s de las redes sociales oficiales del Ayuntamiento de Boca del R\u00edo; www.facebook.com\/MpioBocadelRio, X: @_BocadelRio e Instagram: @bocadelrio.ver<\/p>\n\n\n\n<figure class=\"wp-block-image size-large\"><img loading=\"lazy\" decoding=\"async\" width=\"1024\" height=\"682\" src=\"https:\/\/encuentroinformativo.com.mx\/wp-content\/uploads\/2024\/07\/1000351715-1024x682.jpg\" alt=\"\" class=\"wp-image-57006\" srcset=\"https:\/\/encuentroinformativo.com.mx\/wp-content\/uploads\/2024\/07\/1000351715-1024x682.jpg 1024w, https:\/\/encuentroinformativo.com.mx\/wp-content\/uploads\/2024\/07\/1000351715-300x200.jpg 300w, https:\/\/encuentroinformativo.com.mx\/wp-content\/uploads\/2024\/07\/1000351715-768x512.jpg 768w, https:\/\/encuentroinformativo.com.mx\/wp-content\/uploads\/2024\/07\/1000351715.jpg 1280w\" sizes=\"auto, (max-width: 1024px) 100vw, 1024px\" \/><\/figure>\n","protected":false},"excerpt":{"rendered":"<p>* El edil boque\u00f1o reconoci\u00f3 a los restauranteros de la cabecera municipal por su aporte gastron\u00f3mico en estas fiestas patronales. * Asimismo encabez\u00f3 el paseo acu\u00e1tico y ofrenda floral a nuestra Se\u00f1ora de Santa Ana para despu\u00e9s cerrar la noche con el gran concierto de Tito Nieves. Boca del R\u00edo, Ver.- El alcalde de Boca [&hellip;]<\/p>\n","protected":false},"author":2476,"featured_media":57005,"comment_status":"open","ping_status":"open","sticky":false,"template":"","format":"standard","meta":{"_jetpack_memberships_contains_paid_content":false,"footnotes":""},"categories":[2],"tags":[],"class_list":["post-57004","post","type-post","status-publish","format-standard","has-post-thumbnail","hentry","category-estado"],"jetpack_featured_media_url":"https:\/\/encuentroinformativo.com.mx\/wp-content\/uploads\/2024\/07\/IMG-20240727-WA0005.jpg","jetpack_sharing_enabled":true,"jetpack_likes_enabled":true,"amp_enabled":true,"_links":{"self":[{"href":"https:\/\/encuentroinformativo.com.mx\/index.php?rest_route=\/wp\/v2\/posts\/57004","targetHints":{"allow":["GET"]}}],"collection":[{"href":"https:\/\/encuentroinformativo.com.mx\/index.php?rest_route=\/wp\/v2\/posts"}],"about":[{"href":"https:\/\/encuentroinformativo.com.mx\/index.php?rest_route=\/wp\/v2\/types\/post"}],"author":[{"embeddable":true,"href":"https:\/\/encuentroinformativo.com.mx\/index.php?rest_route=\/wp\/v2\/users\/2476"}],"replies":[{"embeddable":true,"href":"https:\/\/encuentroinformativo.com.mx\/index.php?rest_route=%2Fwp%2Fv2%2Fcomments&post=57004"}],"version-history":[{"count":1,"href":"https:\/\/encuentroinformativo.com.mx\/index.php?rest_route=\/wp\/v2\/posts\/57004\/revisions"}],"predecessor-version":[{"id":57007,"href":"https:\/\/encuentroinformativo.com.mx\/index.php?rest_route=\/wp\/v2\/posts\/57004\/revisions\/57007"}],"wp:featuredmedia":[{"embeddable":true,"href":"https:\/\/encuentroinformativo.com.mx\/index.php?rest_route=\/wp\/v2\/media\/57005"}],"wp:attachment":[{"href":"https:\/\/encuentroinformativo.com.mx\/index.php?rest_route=%2Fwp%2Fv2%2Fmedia&parent=57004"}],"wp:term":[{"taxonomy":"category","embeddable":true,"href":"https:\/\/encuentroinformativo.com.mx\/index.php?rest_route=%2Fwp%2Fv2%2Fcategories&post=57004"},{"taxonomy":"post_tag","embeddable":true,"href":"https:\/\/encuentroinformativo.com.mx\/index.php?rest_route=%2Fwp%2Fv2%2Ftags&post=57004"}],"curies":[{"name":"wp","href":"https:\/\/api.w.org\/{rel}","templated":true}]}}