{"id":57008,"date":"2024-07-27T14:19:13","date_gmt":"2024-07-27T20:19:13","guid":{"rendered":"https:\/\/encuentroinformativo.com.mx\/?p=57008"},"modified":"2024-07-27T14:19:20","modified_gmt":"2024-07-27T20:19:20","slug":"mantienen-familiares-reclamos-de-justicia-para-ruben-espinosa","status":"publish","type":"post","link":"https:\/\/encuentroinformativo.com.mx\/?p=57008","title":{"rendered":"Mantienen familiares  reclamos de justicia para Rub\u00e9n Espinosa"},"content":{"rendered":"\n<p><strong>Dar\u00edo Pale <\/strong><\/p>\n\n\n\n<p>Xalapa, Ver.- Marchan y se manifiestan en la plaza Lerdo los familiares y amigos del fotoperiodista Rub\u00e9n Espinosa Becerril, para continuar con las exigencias de justicia por el asesinato ocurrido el 31 de julio de 2015 en la colonia Narvarte de la Ciudad de M\u00e9xico.<\/p>\n\n\n\n<p>Durante la manifestaci\u00f3n en la plaza Lerdo despu\u00e9s de realizar una marcha por las calles del centro, dieron a conocer que ya pasaron nueve a\u00f1os y son muy pocos los avances que se tienen sobre las l\u00edneas de investigaci\u00f3n.<\/p>\n\n\n\n<p>Desde la plaza Sebasti\u00e1n Lerdo de Tejada, indicaron que como familiares no permitir\u00e1n que se cierren las carpetas para continuar con las exigencias de justicia a nueve a\u00f1os de los asesinatos.<\/p>\n\n\n\n<p>&#8220;Que se investigue la persecuci\u00f3n que sufri\u00f3 Rub\u00e9n Espinosa Becerril en Veracruz\u201d, se le\u00eda en la lona que fue colocada en la plaza Lerdo.<\/p>\n\n\n\n<p>En ese espacio dejaron flores blancas, amarillas y rojas, as\u00ed como veladoras para honrar la memoria del fotoperiodista.<\/p>\n\n\n\n<p>Dieron a conocer que continuaran con la exigencia de justicia, al asegurar que Rub\u00e9n Espinosa Becerril fue perseguido en Xalapa, por eso decidi\u00f3 huir a la Ciudad de M\u00e9xico, donde fue asesinado junto con cuatro mujeres dentro de un departamento en la colonia Narvarte.<\/p>\n\n\n\n<p>Tambi\u00e9n marcharon por la calle Juan de la Luz Enr\u00edquez, bajaron por el viaducto, siguieron hacia Zaragoza hasta llegar nuevamente a plaza Lerdo.<\/p>\n\n\n\n<p>Llevaban las fotos de Rub\u00e9n Espinosa, Nadia Vera, Mile Mart\u00edn, Yessenia Quiroz y Alejandra Negrete, para conmemorar nueves a\u00f1os del crimen.<\/p>\n\n\n\n<p>Finalmente explic\u00f3 que el Gobierno de Veracruz ha tenido poca participaci\u00f3n en el tema a pesar que los familiares piden las investigaciones desde el 2015, pues lo \u00fanico que de manera estatal permitieron fue la revisi\u00f3n de dos carpetas.<\/p>\n\n\n\n<figure class=\"wp-block-image size-large\"><img loading=\"lazy\" decoding=\"async\" width=\"1024\" height=\"576\" src=\"https:\/\/encuentroinformativo.com.mx\/wp-content\/uploads\/2024\/07\/1000351866-1024x576.jpg\" alt=\"\" class=\"wp-image-57010\" srcset=\"https:\/\/encuentroinformativo.com.mx\/wp-content\/uploads\/2024\/07\/1000351866-1024x576.jpg 1024w, https:\/\/encuentroinformativo.com.mx\/wp-content\/uploads\/2024\/07\/1000351866-300x169.jpg 300w, https:\/\/encuentroinformativo.com.mx\/wp-content\/uploads\/2024\/07\/1000351866-768x432.jpg 768w, https:\/\/encuentroinformativo.com.mx\/wp-content\/uploads\/2024\/07\/1000351866.jpg 1280w\" sizes=\"auto, (max-width: 1024px) 100vw, 1024px\" \/><\/figure>\n","protected":false},"excerpt":{"rendered":"<p>Dar\u00edo Pale Xalapa, Ver.- Marchan y se manifiestan en la plaza Lerdo los familiares y amigos del fotoperiodista Rub\u00e9n Espinosa Becerril, para continuar con las exigencias de justicia por el asesinato ocurrido el 31 de julio de 2015 en la colonia Narvarte de la Ciudad de M\u00e9xico. Durante la manifestaci\u00f3n en la plaza Lerdo despu\u00e9s [&hellip;]<\/p>\n","protected":false},"author":2476,"featured_media":57009,"comment_status":"open","ping_status":"open","sticky":false,"template":"","format":"standard","meta":{"_jetpack_memberships_contains_paid_content":false,"footnotes":""},"categories":[3],"tags":[],"class_list":["post-57008","post","type-post","status-publish","format-standard","has-post-thumbnail","hentry","category-xalapa"],"jetpack_featured_media_url":"https:\/\/encuentroinformativo.com.mx\/wp-content\/uploads\/2024\/07\/IMG-20240727-WA0041.jpg","jetpack_sharing_enabled":true,"jetpack_likes_enabled":true,"amp_enabled":true,"_links":{"self":[{"href":"https:\/\/encuentroinformativo.com.mx\/index.php?rest_route=\/wp\/v2\/posts\/57008","targetHints":{"allow":["GET"]}}],"collection":[{"href":"https:\/\/encuentroinformativo.com.mx\/index.php?rest_route=\/wp\/v2\/posts"}],"about":[{"href":"https:\/\/encuentroinformativo.com.mx\/index.php?rest_route=\/wp\/v2\/types\/post"}],"author":[{"embeddable":true,"href":"https:\/\/encuentroinformativo.com.mx\/index.php?rest_route=\/wp\/v2\/users\/2476"}],"replies":[{"embeddable":true,"href":"https:\/\/encuentroinformativo.com.mx\/index.php?rest_route=%2Fwp%2Fv2%2Fcomments&post=57008"}],"version-history":[{"count":2,"href":"https:\/\/encuentroinformativo.com.mx\/index.php?rest_route=\/wp\/v2\/posts\/57008\/revisions"}],"predecessor-version":[{"id":57012,"href":"https:\/\/encuentroinformativo.com.mx\/index.php?rest_route=\/wp\/v2\/posts\/57008\/revisions\/57012"}],"wp:featuredmedia":[{"embeddable":true,"href":"https:\/\/encuentroinformativo.com.mx\/index.php?rest_route=\/wp\/v2\/media\/57009"}],"wp:attachment":[{"href":"https:\/\/encuentroinformativo.com.mx\/index.php?rest_route=%2Fwp%2Fv2%2Fmedia&parent=57008"}],"wp:term":[{"taxonomy":"category","embeddable":true,"href":"https:\/\/encuentroinformativo.com.mx\/index.php?rest_route=%2Fwp%2Fv2%2Fcategories&post=57008"},{"taxonomy":"post_tag","embeddable":true,"href":"https:\/\/encuentroinformativo.com.mx\/index.php?rest_route=%2Fwp%2Fv2%2Ftags&post=57008"}],"curies":[{"name":"wp","href":"https:\/\/api.w.org\/{rel}","templated":true}]}}