{"id":57013,"date":"2024-07-27T15:25:24","date_gmt":"2024-07-27T21:25:24","guid":{"rendered":"https:\/\/encuentroinformativo.com.mx\/?p=57013"},"modified":"2024-07-27T15:25:24","modified_gmt":"2024-07-27T21:25:24","slug":"con-marcha-promueven-defensa-de-los-animales","status":"publish","type":"post","link":"https:\/\/encuentroinformativo.com.mx\/?p=57013","title":{"rendered":"Con marcha, promueven defensa de los animales"},"content":{"rendered":"\n<p><strong>Dar\u00edo Pale <\/strong><\/p>\n\n\n\n<p>Xalapa, Ver.- La defensora de animales Guadalupe S\u00e1nchez Mendoza, dio a conocer que aun persiste el maltrato animal en Xalapa, por lo cual realizaron una marcha y se manifestaron en la plaza Lerdo, esto dentro del marco del d\u00eda mundial del perro callejero.<\/p>\n\n\n\n<p>Agrupaciones de protecci\u00f3n animal y organizaciones dedicadas al salvamento y rescate de perros y gatos en situaci\u00f3n de calle, se sumaron a esta manifestaci\u00f3n, exigiendo respeto por los animales y visibilizar a aquellos en situaci\u00f3n de vulnerabilidad y abandono.<\/p>\n\n\n\n<p>Entrevistada durante la manifestaci\u00f3n, expuso que la desnutrici\u00f3n, el encadenamiento y el abandono representan formas de maltrato m\u00e1s comunes entre los animales de casa.<\/p>\n\n\n\n<p>&#8220;El \u00edndice es muy alto y Xalapa tiene el registro \u00a0m\u00e1s alto con mayor n\u00famero de perritos en situaci\u00f3n de calle, el \u00edndice es terrible, porque est\u00e1 el que est\u00e1 en situaci\u00f3n de calle, pero lo que me aterra m\u00e1s es el que tiene familia pero est\u00e1 en total abandono, desnutrici\u00f3n, amarrados, muy deplorable&#8221;, se\u00f1al\u00f3.<\/p>\n\n\n\n<p>El 70 por ciento de los animales domesticos como gatos y perros se encuentran en situaci\u00f3n de abandono; y estos da\u00f1os no es tan s\u00f3lo para los animales de calle, sino para aquellos bajo el cuidado de una familia, por lo que dijo que es necesario y urgente que se refuercen las medidas de castigo contra los maltratadores.<\/p>\n\n\n\n<p>&#8220;Se tiene que legislar para que el maltrato animal sea catalogado como un delito grave y vean a los animales no como no algo, sino como sujetos de derechos, igual que nosotros&#8221;, coment\u00f3.<\/p>\n\n\n\n<p>Cabe se\u00f1alar que la concentraci\u00f3n, fue en el Teatro del Estado de donde partieron con direcci\u00f3n a la Plaza Lerdo, en donde con consignas se\u00f1alaron a responsables de agresiones contra animales.<\/p>\n","protected":false},"excerpt":{"rendered":"<p>Dar\u00edo Pale Xalapa, Ver.- La defensora de animales Guadalupe S\u00e1nchez Mendoza, dio a conocer que aun persiste el maltrato animal en Xalapa, por lo cual realizaron una marcha y se manifestaron en la plaza Lerdo, esto dentro del marco del d\u00eda mundial del perro callejero. Agrupaciones de protecci\u00f3n animal y organizaciones dedicadas al salvamento y [&hellip;]<\/p>\n","protected":false},"author":2476,"featured_media":57014,"comment_status":"open","ping_status":"open","sticky":false,"template":"","format":"standard","meta":{"_jetpack_memberships_contains_paid_content":false,"footnotes":""},"categories":[3],"tags":[],"class_list":["post-57013","post","type-post","status-publish","format-standard","has-post-thumbnail","hentry","category-xalapa"],"jetpack_featured_media_url":"https:\/\/encuentroinformativo.com.mx\/wp-content\/uploads\/2024\/07\/IMG-20240727-WA0055.jpg","jetpack_sharing_enabled":true,"jetpack_likes_enabled":true,"amp_enabled":true,"_links":{"self":[{"href":"https:\/\/encuentroinformativo.com.mx\/index.php?rest_route=\/wp\/v2\/posts\/57013","targetHints":{"allow":["GET"]}}],"collection":[{"href":"https:\/\/encuentroinformativo.com.mx\/index.php?rest_route=\/wp\/v2\/posts"}],"about":[{"href":"https:\/\/encuentroinformativo.com.mx\/index.php?rest_route=\/wp\/v2\/types\/post"}],"author":[{"embeddable":true,"href":"https:\/\/encuentroinformativo.com.mx\/index.php?rest_route=\/wp\/v2\/users\/2476"}],"replies":[{"embeddable":true,"href":"https:\/\/encuentroinformativo.com.mx\/index.php?rest_route=%2Fwp%2Fv2%2Fcomments&post=57013"}],"version-history":[{"count":1,"href":"https:\/\/encuentroinformativo.com.mx\/index.php?rest_route=\/wp\/v2\/posts\/57013\/revisions"}],"predecessor-version":[{"id":57015,"href":"https:\/\/encuentroinformativo.com.mx\/index.php?rest_route=\/wp\/v2\/posts\/57013\/revisions\/57015"}],"wp:featuredmedia":[{"embeddable":true,"href":"https:\/\/encuentroinformativo.com.mx\/index.php?rest_route=\/wp\/v2\/media\/57014"}],"wp:attachment":[{"href":"https:\/\/encuentroinformativo.com.mx\/index.php?rest_route=%2Fwp%2Fv2%2Fmedia&parent=57013"}],"wp:term":[{"taxonomy":"category","embeddable":true,"href":"https:\/\/encuentroinformativo.com.mx\/index.php?rest_route=%2Fwp%2Fv2%2Fcategories&post=57013"},{"taxonomy":"post_tag","embeddable":true,"href":"https:\/\/encuentroinformativo.com.mx\/index.php?rest_route=%2Fwp%2Fv2%2Ftags&post=57013"}],"curies":[{"name":"wp","href":"https:\/\/api.w.org\/{rel}","templated":true}]}}