{"id":57016,"date":"2024-07-27T17:47:30","date_gmt":"2024-07-27T23:47:30","guid":{"rendered":"https:\/\/encuentroinformativo.com.mx\/?p=57016"},"modified":"2024-07-27T17:47:38","modified_gmt":"2024-07-27T23:47:38","slug":"realizan-jornada-de-bacheo-en-ursulo-galvan","status":"publish","type":"post","link":"https:\/\/encuentroinformativo.com.mx\/?p=57016","title":{"rendered":"Realizan jornada de bacheo en Ursulo Galv\u00e1n"},"content":{"rendered":"\n<p><strong>Dar\u00edo Pale <\/strong><\/p>\n\n\n\n<p>Xalapa, Ver.- El ayuntamiento de \u00darsulo Galv\u00e1n bachea hoyos, esta haci\u00e9ndole la &#8220;chamba&#8221; a la Secretar\u00eda de Infraestructura, Comunicaciones y Transportes (SICT), ya que se han registrado muchos accidentes.<\/p>\n\n\n\n<p>En entrevista el alcalde de \u00darsulo Galv\u00e1n, Eder Jero Hern\u00e1ndez Lara, se\u00f1al\u00f3 que llev\u00f3 a cabo una jornada de bacheo para tapar con asfalto los hoyancos y evitar que se sigan registrando ponchaduras y accidentes automovil\u00edsticos en la Carretera Federal 180 Cardel-Nautla.\u00a0<\/p>\n\n\n\n<p>Explic\u00f3 que se destin\u00f3 recurso a trav\u00e9s de la direcci\u00f3n de obras p\u00fablicas para hacer este bacheo temporal a base de asfalto caliente que pueda aminorar los da\u00f1os causados a decenas de automovilistas, inclusive con accidentes fatales, en espera de la rehabilitaci\u00f3n integral por parte de la Secretar\u00eda de Infraestructura Comunicaciones y Transportes (SICT) que se tiene proyectada para el mes de agosto.\u00a0<\/p>\n\n\n\n<p>&#8220;No podemos esperar, nosotros el d\u00eda de hoy estamos haciendo un bacheo temporal para evitar que m\u00e1s veh\u00edculos se sigan da\u00f1ando y perjudicando a las familias, la idea es abarcar la parte que le corresponde al municipio de \u00darsulo Galv\u00e1n&#8221;, se\u00f1al\u00f3.<\/p>\n\n\n\n<p>Eder Jero precis\u00f3 que, en primer termino, el bacheo se har\u00e1 en el carril con direcci\u00f3n a Poza Rica, desde el Pando 1 hasta la comunidad de El Chalahuite, para posteriormente hacer lo propio en el carril con direcci\u00f3n a Cardel.\u00a0<\/p>\n\n\n\n<p>Por \u00faltimo el mun\u00edcipe pidi\u00f3 a los automovilistas circular con precauci\u00f3n e inform\u00f3 que la direcci\u00f3n de Protecci\u00f3n Civil estar\u00e1 abanderado para evitar accidentes mientras se realizan estos trabajos.<\/p>\n","protected":false},"excerpt":{"rendered":"<p>Dar\u00edo Pale Xalapa, Ver.- El ayuntamiento de \u00darsulo Galv\u00e1n bachea hoyos, esta haci\u00e9ndole la &#8220;chamba&#8221; a la Secretar\u00eda de Infraestructura, Comunicaciones y Transportes (SICT), ya que se han registrado muchos accidentes. En entrevista el alcalde de \u00darsulo Galv\u00e1n, Eder Jero Hern\u00e1ndez Lara, se\u00f1al\u00f3 que llev\u00f3 a cabo una jornada de bacheo para tapar con asfalto [&hellip;]<\/p>\n","protected":false},"author":2476,"featured_media":57017,"comment_status":"open","ping_status":"open","sticky":false,"template":"","format":"standard","meta":{"_jetpack_memberships_contains_paid_content":false,"footnotes":""},"categories":[8],"tags":[],"class_list":["post-57016","post","type-post","status-publish","format-standard","has-post-thumbnail","hentry","category-region"],"jetpack_featured_media_url":"https:\/\/encuentroinformativo.com.mx\/wp-content\/uploads\/2024\/07\/IMG-20240727-WA0071.jpg","jetpack_sharing_enabled":true,"jetpack_likes_enabled":true,"amp_enabled":true,"_links":{"self":[{"href":"https:\/\/encuentroinformativo.com.mx\/index.php?rest_route=\/wp\/v2\/posts\/57016","targetHints":{"allow":["GET"]}}],"collection":[{"href":"https:\/\/encuentroinformativo.com.mx\/index.php?rest_route=\/wp\/v2\/posts"}],"about":[{"href":"https:\/\/encuentroinformativo.com.mx\/index.php?rest_route=\/wp\/v2\/types\/post"}],"author":[{"embeddable":true,"href":"https:\/\/encuentroinformativo.com.mx\/index.php?rest_route=\/wp\/v2\/users\/2476"}],"replies":[{"embeddable":true,"href":"https:\/\/encuentroinformativo.com.mx\/index.php?rest_route=%2Fwp%2Fv2%2Fcomments&post=57016"}],"version-history":[{"count":1,"href":"https:\/\/encuentroinformativo.com.mx\/index.php?rest_route=\/wp\/v2\/posts\/57016\/revisions"}],"predecessor-version":[{"id":57018,"href":"https:\/\/encuentroinformativo.com.mx\/index.php?rest_route=\/wp\/v2\/posts\/57016\/revisions\/57018"}],"wp:featuredmedia":[{"embeddable":true,"href":"https:\/\/encuentroinformativo.com.mx\/index.php?rest_route=\/wp\/v2\/media\/57017"}],"wp:attachment":[{"href":"https:\/\/encuentroinformativo.com.mx\/index.php?rest_route=%2Fwp%2Fv2%2Fmedia&parent=57016"}],"wp:term":[{"taxonomy":"category","embeddable":true,"href":"https:\/\/encuentroinformativo.com.mx\/index.php?rest_route=%2Fwp%2Fv2%2Fcategories&post=57016"},{"taxonomy":"post_tag","embeddable":true,"href":"https:\/\/encuentroinformativo.com.mx\/index.php?rest_route=%2Fwp%2Fv2%2Ftags&post=57016"}],"curies":[{"name":"wp","href":"https:\/\/api.w.org\/{rel}","templated":true}]}}