{"id":57019,"date":"2024-07-27T17:54:31","date_gmt":"2024-07-27T23:54:31","guid":{"rendered":"https:\/\/encuentroinformativo.com.mx\/?p=57019"},"modified":"2024-07-27T17:54:38","modified_gmt":"2024-07-27T23:54:38","slug":"mariana-seoane-y-chico-che-chico-pusieron-el-ambiente-en-el-tradicional-bano-popular-de-santa-2024","status":"publish","type":"post","link":"https:\/\/encuentroinformativo.com.mx\/?p=57019","title":{"rendered":"Mariana Seoane y Chico Che Chico pusieron el ambiente en el Tradicional Ba\u00f1o Popular de Santa 2024"},"content":{"rendered":"\n<p><strong>* <em>Hoy por la noche el tercer gran concierto con Luis \u00c1ngel \u201cEl Flaco\u201d, y ma\u00f1ana el gran cierre de las fiestas de Santa Ana 2024 con Gloria Trevi<\/em>.<\/strong><\/p>\n\n\n\n<p>Boca del R\u00edo, Ver.- La celebraci\u00f3n del tradicional Ba\u00f1o Popular de Santa Ana 2024 comenz\u00f3 desde temprana hora, con locales y visitantes congreg\u00e1ndose para disfrutar y participar en la fiesta patronal. Este evento, atrajo a una gran multitud que se sumergi\u00f3 en el esp\u00edritu festivo, de alegr\u00eda y convivencia.<\/p>\n\n\n\n<p>\u201cTenemos invitados de lujo. Hoy el Ayuntamiento de Boca del R\u00edo les trae dos grandes padrinos, as\u00ed que a disfrutar\u201d, expres\u00f3 el alcalde Juan Manuel Un\u00e1nue Abascal.<\/p>\n\n\n\n<p>En esta nueva edici\u00f3n, los padrinos de lujo fueron la actriz y cantante Mariana Seoane y el int\u00e9rprete Chico Che Chico, quienes adem\u00e1s deleitaron a los presentes con incre\u00edble concierto. Previamente, recibieron reconocimiento por parte del presidente municipal y la presidenta del DIF boque\u00f1o.<\/p>\n\n\n\n<p>\u201cFeliz de regresar a estas fiestas y traer esa alegr\u00eda mi gente hermosa por que los quiero mucho\u201d, dijo la Reyna de la Cumbia.<\/p>\n\n\n\n<p>Por su parte Chico Che Chico dijo estar \u201cmuy contento por segunda vez en lugar tan bonito, muy agradecido por la invitaci\u00f3n, vamos a bailar y cantar y recordar los \u00e9xitos\u201d.<\/p>\n\n\n\n<p>Los asistentes, con sus trajes de ba\u00f1o o ropa c\u00f3moda, se reunieron en las orillas del escenario que se ubic\u00f3 en la Plaza C\u00edvica Benito Ju\u00e1rez, listos para refrescarse y disfrutar de la m\u00fasica y el entusiasmo de los animadores.<\/p>\n\n\n\n<p>Minutos despu\u00e9s, arribaron al escenario la Doncella del Mar 2024; Mar\u00eda Rosalin Cruz Barrientos, Princesa Primera; In\u00e9s de Jes\u00fas Mart\u00ednez Esmediche, Princesa Segunda; Ingrid D\u00edaz G\u00f3mez y el Trit\u00f3n 2024; \u00c1ngel Gabriel Delf\u00edn Molina; par dar paso al primer chorro de agua por parte del alcalde boque\u00f1o y comenzar la gran fiesta del Ba\u00f1o Popular.<\/p>\n\n\n\n<p>El Ba\u00f1o Popular no solo es una oportunidad para disfrutar del agua y el sol, sino tambi\u00e9n para fortalecer los lazos comunitarios y celebrar la rica tradici\u00f3n cultural de Boca del R\u00edo.<\/p>\n\n\n\n<p>Las autoridades municipales se aseguraron de que todo transcurriera de manera segura y ordenada, permitiendo que todos los asistentes pudieran gozar plenamente de esta ic\u00f3nica celebraci\u00f3n.<\/p>\n\n\n\n<p>Con este evento se reafirma el compromiso del presidente municipal, Juan Manuel Un\u00e1nue Abascal y del Ayuntamiento, por mantener vivas sus tradiciones. Las Fiestas de Santa Ana contin\u00faan siendo un referente de la identidad y el patrimonio cultural de los boque\u00f1os.<\/p>\n\n\n\n<p><em>PROGRAMA DOMINGO 28 DE JULIO<\/em><br>18 hrs. Torito Gigante<br>Lugar: Plaza C\u00edvica<\/p>\n\n\n\n<p>22 hrs. Cuarto Magno Concierto: Gloria Trevi<br>Lugar: Plaza C\u00edvica<\/p>\n\n\n\n<p>Para conocer el programa de actividades, pueden hacerlo a trav\u00e9s de las redes sociales oficiales del Ayuntamiento de Boca del R\u00edo; www.facebook.com\/MpioBocadelRio, X: @_BocadelRio e Instagram: @bocadelrio.ver<\/p>\n\n\n\n<figure class=\"wp-block-image size-large\"><img loading=\"lazy\" decoding=\"async\" width=\"1024\" height=\"682\" src=\"https:\/\/encuentroinformativo.com.mx\/wp-content\/uploads\/2024\/07\/1000352071-1024x682.jpg\" alt=\"\" class=\"wp-image-57021\" srcset=\"https:\/\/encuentroinformativo.com.mx\/wp-content\/uploads\/2024\/07\/1000352071-1024x682.jpg 1024w, https:\/\/encuentroinformativo.com.mx\/wp-content\/uploads\/2024\/07\/1000352071-300x200.jpg 300w, https:\/\/encuentroinformativo.com.mx\/wp-content\/uploads\/2024\/07\/1000352071-768x511.jpg 768w, https:\/\/encuentroinformativo.com.mx\/wp-content\/uploads\/2024\/07\/1000352071.jpg 1280w\" sizes=\"auto, (max-width: 1024px) 100vw, 1024px\" \/><\/figure>\n\n\n\n<figure class=\"wp-block-image size-large\"><img loading=\"lazy\" decoding=\"async\" width=\"1024\" height=\"682\" src=\"https:\/\/encuentroinformativo.com.mx\/wp-content\/uploads\/2024\/07\/1000352070-1024x682.jpg\" alt=\"\" class=\"wp-image-57022\" srcset=\"https:\/\/encuentroinformativo.com.mx\/wp-content\/uploads\/2024\/07\/1000352070-1024x682.jpg 1024w, https:\/\/encuentroinformativo.com.mx\/wp-content\/uploads\/2024\/07\/1000352070-300x200.jpg 300w, https:\/\/encuentroinformativo.com.mx\/wp-content\/uploads\/2024\/07\/1000352070-768x512.jpg 768w, https:\/\/encuentroinformativo.com.mx\/wp-content\/uploads\/2024\/07\/1000352070.jpg 1280w\" sizes=\"auto, (max-width: 1024px) 100vw, 1024px\" \/><\/figure>\n","protected":false},"excerpt":{"rendered":"<p>* Hoy por la noche el tercer gran concierto con Luis \u00c1ngel \u201cEl Flaco\u201d, y ma\u00f1ana el gran cierre de las fiestas de Santa Ana 2024 con Gloria Trevi. Boca del R\u00edo, Ver.- La celebraci\u00f3n del tradicional Ba\u00f1o Popular de Santa Ana 2024 comenz\u00f3 desde temprana hora, con locales y visitantes congreg\u00e1ndose para disfrutar y [&hellip;]<\/p>\n","protected":false},"author":2476,"featured_media":57020,"comment_status":"open","ping_status":"open","sticky":false,"template":"","format":"standard","meta":{"_jetpack_memberships_contains_paid_content":false,"footnotes":""},"categories":[2],"tags":[],"class_list":["post-57019","post","type-post","status-publish","format-standard","has-post-thumbnail","hentry","category-estado"],"jetpack_featured_media_url":"https:\/\/encuentroinformativo.com.mx\/wp-content\/uploads\/2024\/07\/IMG-20240727-WA0068.jpg","jetpack_sharing_enabled":true,"jetpack_likes_enabled":true,"amp_enabled":true,"_links":{"self":[{"href":"https:\/\/encuentroinformativo.com.mx\/index.php?rest_route=\/wp\/v2\/posts\/57019","targetHints":{"allow":["GET"]}}],"collection":[{"href":"https:\/\/encuentroinformativo.com.mx\/index.php?rest_route=\/wp\/v2\/posts"}],"about":[{"href":"https:\/\/encuentroinformativo.com.mx\/index.php?rest_route=\/wp\/v2\/types\/post"}],"author":[{"embeddable":true,"href":"https:\/\/encuentroinformativo.com.mx\/index.php?rest_route=\/wp\/v2\/users\/2476"}],"replies":[{"embeddable":true,"href":"https:\/\/encuentroinformativo.com.mx\/index.php?rest_route=%2Fwp%2Fv2%2Fcomments&post=57019"}],"version-history":[{"count":1,"href":"https:\/\/encuentroinformativo.com.mx\/index.php?rest_route=\/wp\/v2\/posts\/57019\/revisions"}],"predecessor-version":[{"id":57023,"href":"https:\/\/encuentroinformativo.com.mx\/index.php?rest_route=\/wp\/v2\/posts\/57019\/revisions\/57023"}],"wp:featuredmedia":[{"embeddable":true,"href":"https:\/\/encuentroinformativo.com.mx\/index.php?rest_route=\/wp\/v2\/media\/57020"}],"wp:attachment":[{"href":"https:\/\/encuentroinformativo.com.mx\/index.php?rest_route=%2Fwp%2Fv2%2Fmedia&parent=57019"}],"wp:term":[{"taxonomy":"category","embeddable":true,"href":"https:\/\/encuentroinformativo.com.mx\/index.php?rest_route=%2Fwp%2Fv2%2Fcategories&post=57019"},{"taxonomy":"post_tag","embeddable":true,"href":"https:\/\/encuentroinformativo.com.mx\/index.php?rest_route=%2Fwp%2Fv2%2Ftags&post=57019"}],"curies":[{"name":"wp","href":"https:\/\/api.w.org\/{rel}","templated":true}]}}