{"id":5702,"date":"2020-09-10T13:36:37","date_gmt":"2020-09-10T18:36:37","guid":{"rendered":"https:\/\/encuentroinformativo.com.mx\/?p=5702"},"modified":"2020-09-11T01:37:50","modified_gmt":"2020-09-11T06:37:50","slug":"protestan-reporteros-por-asesinato-de-julio-valdivia","status":"publish","type":"post","link":"https:\/\/encuentroinformativo.com.mx\/?p=5702","title":{"rendered":"Protestan reporteros por asesinato de Julio Valdivia"},"content":{"rendered":"<p><b>Dar\u00edo Pale\u00a0<\/b><\/p>\n<p>Xalapa, Ver.- Este d\u00eda varios reporteros se manifestaron en La Plaza Lerdo con la intenci\u00f3n de exigir justicia para los compa\u00f1eros asesinados, tres de \u00e9stos ocurridos en la presente administraci\u00f3n de Cuitl\u00e1huac Garc\u00eda Jim\u00e9nez, el m\u00e1s reciente este mi\u00e9rcoles en el municipio de Tezonapa, contra Julio Valdivia Rodr\u00edguez.<\/p>\n<p>Entrevistada durante la manifestaci\u00f3n Norma Trujillo se\u00f1al\u00f3 que, \u201cla mayor\u00eda de los casos de los periodistas asesinados est\u00e1 en la impunidad. Es uno de los problemas que ha privado en Veracruz desde hace tres administraciones\u201d.<\/p>\n<p>Por lo anterior bloquearon por unos minutos la calle de Enriquez, portando una manta en donde \u00a0se pide \u201cBasta de agresiones contra periodistas\u201d.<\/p>\n<p>La periodista detall\u00f3 de 2010 a la fecha han ocurrido 24 cr\u00edmenes contra comunicadores, adem\u00e1s de seis desaparecidos, en donde no hay ning\u00fan resultado.<\/p>\n<p>La comunicadora consider\u00f3 que lo que se debe exigir, aunque no sea un compa\u00f1ero directo o no se le haya conocido en vida, tiene un trabajo period\u00edstico que se debe conocer.<\/p>\n<p>Adem\u00e1s, por lo que han compartido sus compa\u00f1eros de la regi\u00f3n centro del Estado, es una zona altamente riesgosa para ejercer el periodismo y sin las condiciones necesarias para realizar su labor.<\/p>\n<p>\u201cHa fallado la protecci\u00f3n en el Estado. No hay una pol\u00edtica p\u00fablica que este funcionando porque a partir de que sea crea la CEAPP, vemos que siguen los asesinatos cuando debieron haber disminuido\u201d, finaliz\u00f3.<\/p>\n\n\n<p><\/p>\n","protected":false},"excerpt":{"rendered":"<p>Dar\u00edo Pale\u00a0 Xalapa, Ver.- Este d\u00eda varios reporteros se manifestaron en La Plaza Lerdo con la intenci\u00f3n de exigir justicia para los compa\u00f1eros asesinados, tres de \u00e9stos ocurridos en la presente administraci\u00f3n de Cuitl\u00e1huac Garc\u00eda Jim\u00e9nez, el m\u00e1s reciente este mi\u00e9rcoles en el municipio de Tezonapa, contra Julio Valdivia Rodr\u00edguez. Entrevistada durante la manifestaci\u00f3n Norma [&hellip;]<\/p>\n","protected":false},"author":1,"featured_media":5703,"comment_status":"open","ping_status":"open","sticky":false,"template":"","format":"standard","meta":{"_jetpack_memberships_contains_paid_content":false,"footnotes":""},"categories":[2],"tags":[],"class_list":["post-5702","post","type-post","status-publish","format-standard","has-post-thumbnail","hentry","category-estado"],"jetpack_featured_media_url":"https:\/\/encuentroinformativo.com.mx\/wp-content\/uploads\/2020\/09\/380F664D-891D-41B4-9577-2FF6A8951EBA.jpeg","jetpack_sharing_enabled":true,"jetpack_likes_enabled":true,"amp_enabled":true,"_links":{"self":[{"href":"https:\/\/encuentroinformativo.com.mx\/index.php?rest_route=\/wp\/v2\/posts\/5702","targetHints":{"allow":["GET"]}}],"collection":[{"href":"https:\/\/encuentroinformativo.com.mx\/index.php?rest_route=\/wp\/v2\/posts"}],"about":[{"href":"https:\/\/encuentroinformativo.com.mx\/index.php?rest_route=\/wp\/v2\/types\/post"}],"author":[{"embeddable":true,"href":"https:\/\/encuentroinformativo.com.mx\/index.php?rest_route=\/wp\/v2\/users\/1"}],"replies":[{"embeddable":true,"href":"https:\/\/encuentroinformativo.com.mx\/index.php?rest_route=%2Fwp%2Fv2%2Fcomments&post=5702"}],"version-history":[{"count":2,"href":"https:\/\/encuentroinformativo.com.mx\/index.php?rest_route=\/wp\/v2\/posts\/5702\/revisions"}],"predecessor-version":[{"id":5730,"href":"https:\/\/encuentroinformativo.com.mx\/index.php?rest_route=\/wp\/v2\/posts\/5702\/revisions\/5730"}],"wp:featuredmedia":[{"embeddable":true,"href":"https:\/\/encuentroinformativo.com.mx\/index.php?rest_route=\/wp\/v2\/media\/5703"}],"wp:attachment":[{"href":"https:\/\/encuentroinformativo.com.mx\/index.php?rest_route=%2Fwp%2Fv2%2Fmedia&parent=5702"}],"wp:term":[{"taxonomy":"category","embeddable":true,"href":"https:\/\/encuentroinformativo.com.mx\/index.php?rest_route=%2Fwp%2Fv2%2Fcategories&post=5702"},{"taxonomy":"post_tag","embeddable":true,"href":"https:\/\/encuentroinformativo.com.mx\/index.php?rest_route=%2Fwp%2Fv2%2Ftags&post=5702"}],"curies":[{"name":"wp","href":"https:\/\/api.w.org\/{rel}","templated":true}]}}