{"id":57024,"date":"2024-07-27T22:00:15","date_gmt":"2024-07-28T04:00:15","guid":{"rendered":"https:\/\/encuentroinformativo.com.mx\/?p=57024"},"modified":"2024-07-27T22:00:25","modified_gmt":"2024-07-28T04:00:25","slug":"aprobar-reformas-para-mayor-proteccion-a-los-animales-eleazar-guerrero-perez","status":"publish","type":"post","link":"https:\/\/encuentroinformativo.com.mx\/?p=57024","title":{"rendered":"Aprobar reformas para mayor protecci\u00f3n a los animales: Eleazar Guerrero P\u00e9rez"},"content":{"rendered":"\n<p><strong>* El diputado federal electo, fue abordado por medios de comunicaci\u00f3n en la marcha realizada por activistas protectores de los animales.<\/strong><\/p>\n\n\n\n<p>Xalapa, Ver.- El maestro Eleazar Guerrero P\u00e9rez, diputado federal morenista por la Tercera Circunscripci\u00f3n que en breve asumir\u00e1 esta responsabilidad en el Congreso de la Uni\u00f3n, destac\u00f3 que se han tenido avances en el tema de la Protecci\u00f3n a los Animales y reconoci\u00f3 que en el paquete de reformas enviada por el ejecutivo federal se contempla el de Protecci\u00f3n a los animales, esto es un logro de la administraci\u00f3n encabezada por el actual presidente de nuestro pa\u00eds, Andr\u00e9s Manuel L\u00f3pez Obrador: &#8220;La verdad es que hoy, como dije hace rato, al m\u00e1s alto nivel se aborda el tema de la protecci\u00f3n de los animales. Es una caracter\u00edstica de nuestro presidente, el humanismo, una caracter\u00edstica de nuestro gobierno, de la Cuarta Transformaci\u00f3n.&#8221;<\/p>\n\n\n\n<p>Y agreg\u00f3: &#8220;Por eso se va a elevar a rango constitucional, no solamente las leyes que ya existen en varios estados. Pero la verdad es que es como un llamado a misa, necesitamos generarlo a nivel constitucional\u2026&#8221;<\/p>\n\n\n\n<p>Destac\u00f3 tambi\u00e9n la importancia de forjar un cambio m\u00e1s profundo entre los ciudadanos: &#8220;\u2026Porque va incluido el tema de generar una cultura, en el momento en que se reforma el art\u00edculo tercero constitucional que tiene que ver con la educaci\u00f3n. Para que haya planes y programas en todas las escuelas p\u00fablicas para generar precisamente ese respeto a nuestros animalitos, el amor. No el maltrato.&#8221;<\/p>\n\n\n\n<p>El tambi\u00e9n dirigente de la expresi\u00f3n ciudadana UNIDOS TODOS reconoci\u00f3 los avances logrados y recalc\u00f3 la importancia de fortalecer las leyes as\u00ed como la cultura de la protecci\u00f3n a los animales:<\/p>\n\n\n\n<p>&#8220;Bueno, vamos avanzando con muchos problemas, efectivamente vamos avanzando. Y yo creo que con esta nueva ley vamos a avanzar m\u00e1s, porque no se trata, insisto, de crear una ley sin transformar todo el tema educativo. Que es un tema cultural, que tenemos que ver que los animalitos merecen todo nuestro respeto, nuestro cari\u00f1o y todo nuestro amor. Y conservarlos, cuidarlos, atenderlos cuando est\u00e1n enfermos. Y ellos no nos pueden decir que les duele. No, nada m\u00e1s se quejan pero no sabemos; hay que atenderlos, hay que buscar que vivan tambi\u00e9n en un ambiente protegido&#8221;, concluy\u00f3.<\/p>\n\n\n\n<figure class=\"wp-block-image size-large\"><img loading=\"lazy\" decoding=\"async\" width=\"1024\" height=\"896\" src=\"https:\/\/encuentroinformativo.com.mx\/wp-content\/uploads\/2024\/07\/1000352154-1024x896.jpg\" alt=\"\" class=\"wp-image-57026\" srcset=\"https:\/\/encuentroinformativo.com.mx\/wp-content\/uploads\/2024\/07\/1000352154-1024x896.jpg 1024w, https:\/\/encuentroinformativo.com.mx\/wp-content\/uploads\/2024\/07\/1000352154-300x263.jpg 300w, https:\/\/encuentroinformativo.com.mx\/wp-content\/uploads\/2024\/07\/1000352154-768x672.jpg 768w, https:\/\/encuentroinformativo.com.mx\/wp-content\/uploads\/2024\/07\/1000352154-1536x1344.jpg 1536w, https:\/\/encuentroinformativo.com.mx\/wp-content\/uploads\/2024\/07\/1000352154.jpg 1600w\" sizes=\"auto, (max-width: 1024px) 100vw, 1024px\" \/><\/figure>\n","protected":false},"excerpt":{"rendered":"<p>* El diputado federal electo, fue abordado por medios de comunicaci\u00f3n en la marcha realizada por activistas protectores de los animales. Xalapa, Ver.- El maestro Eleazar Guerrero P\u00e9rez, diputado federal morenista por la Tercera Circunscripci\u00f3n que en breve asumir\u00e1 esta responsabilidad en el Congreso de la Uni\u00f3n, destac\u00f3 que se han tenido avances en el [&hellip;]<\/p>\n","protected":false},"author":2476,"featured_media":57025,"comment_status":"open","ping_status":"open","sticky":false,"template":"","format":"standard","meta":{"_jetpack_memberships_contains_paid_content":false,"footnotes":""},"categories":[3],"tags":[],"class_list":["post-57024","post","type-post","status-publish","format-standard","has-post-thumbnail","hentry","category-xalapa"],"jetpack_featured_media_url":"https:\/\/encuentroinformativo.com.mx\/wp-content\/uploads\/2024\/07\/IMG-20240727-WA0089.jpg","jetpack_sharing_enabled":true,"jetpack_likes_enabled":true,"amp_enabled":true,"_links":{"self":[{"href":"https:\/\/encuentroinformativo.com.mx\/index.php?rest_route=\/wp\/v2\/posts\/57024","targetHints":{"allow":["GET"]}}],"collection":[{"href":"https:\/\/encuentroinformativo.com.mx\/index.php?rest_route=\/wp\/v2\/posts"}],"about":[{"href":"https:\/\/encuentroinformativo.com.mx\/index.php?rest_route=\/wp\/v2\/types\/post"}],"author":[{"embeddable":true,"href":"https:\/\/encuentroinformativo.com.mx\/index.php?rest_route=\/wp\/v2\/users\/2476"}],"replies":[{"embeddable":true,"href":"https:\/\/encuentroinformativo.com.mx\/index.php?rest_route=%2Fwp%2Fv2%2Fcomments&post=57024"}],"version-history":[{"count":1,"href":"https:\/\/encuentroinformativo.com.mx\/index.php?rest_route=\/wp\/v2\/posts\/57024\/revisions"}],"predecessor-version":[{"id":57027,"href":"https:\/\/encuentroinformativo.com.mx\/index.php?rest_route=\/wp\/v2\/posts\/57024\/revisions\/57027"}],"wp:featuredmedia":[{"embeddable":true,"href":"https:\/\/encuentroinformativo.com.mx\/index.php?rest_route=\/wp\/v2\/media\/57025"}],"wp:attachment":[{"href":"https:\/\/encuentroinformativo.com.mx\/index.php?rest_route=%2Fwp%2Fv2%2Fmedia&parent=57024"}],"wp:term":[{"taxonomy":"category","embeddable":true,"href":"https:\/\/encuentroinformativo.com.mx\/index.php?rest_route=%2Fwp%2Fv2%2Fcategories&post=57024"},{"taxonomy":"post_tag","embeddable":true,"href":"https:\/\/encuentroinformativo.com.mx\/index.php?rest_route=%2Fwp%2Fv2%2Ftags&post=57024"}],"curies":[{"name":"wp","href":"https:\/\/api.w.org\/{rel}","templated":true}]}}