{"id":57028,"date":"2024-07-28T10:14:44","date_gmt":"2024-07-28T16:14:44","guid":{"rendered":"https:\/\/encuentroinformativo.com.mx\/?p=57028"},"modified":"2024-07-28T10:14:50","modified_gmt":"2024-07-28T16:14:50","slug":"con-un-lleno-hasta-las-lamparas-luis-angel-el-flaco-canto-con-el-corazon-en-el-penultimo-dia-de-santa-ana","status":"publish","type":"post","link":"https:\/\/encuentroinformativo.com.mx\/?p=57028","title":{"rendered":"Con un lleno hasta las l\u00e1mparas, Luis \u00c1ngel \u201cEl Flaco\u201d cant\u00f3 con el coraz\u00f3n en el pen\u00faltimo d\u00eda de Santa Ana"},"content":{"rendered":"\n<p><strong>* <em>La Plaza C\u00edvica Benito Ju\u00e1rez luci\u00f3 repleta de boque\u00f1os y visitantes que disfrutaron de tan colorido concierto de m\u00fasica banda<\/em><\/strong>.<\/p>\n\n\n\n<p>Boca del R\u00edo, Ver.- Con 25 a\u00f1os de una destacada carrera en la m\u00fasica mexicana, Luis \u00c1ngel \u201cEl Flaco\u201d, lleg\u00f3 con gran \u00e9xito a las Fiestas de Santa 2024; uno de los magnos conciertos masivos m\u00e1s esperados.<\/p>\n\n\n\n<p>Previo a su presentaci\u00f3n, el alcalde de Boca del R\u00edo, Juan Manuel Un\u00e1nue Abascal y su esposa la se\u00f1ora Melina Rivera de Un\u00e1nue, recibieron al sinaloense reiter\u00e1ndole el cari\u00f1o y admiraci\u00f3n del pueblo boque\u00f1o a su persona.<\/p>\n\n\n\n<p>Adem\u00e1s, el presidente municipal le entreg\u00f3 su reconocimiento por su destacada participaci\u00f3n en la fiesta patronal boque\u00f1a.<\/p>\n\n\n\n<p>Desde horas antes a la cita, locales y visitantes se apostaron en la Plaza C\u00edvica Benito Ju\u00e1rez de la cabecera municipal, para apartar su lugar y deleitarse con el espect\u00e1culo que el Ayuntamiento de Boca del R\u00edo trajo para todos.<\/p>\n\n\n\n<p>\u201c\u00a1Flaco, flaco, flaco! (gritaban los boque\u00f1os)\u201d y en respuesta Luis \u00c1ngel dijo: \u201cQu\u00e9 bonito regresar a tierras veracruzanas, muchas gracias a todos y a cada uno de los que est\u00e1n esta noche, con cari\u00f1o gracias de verdad, este es un evento cien por ciento familiar\u201d.<\/p>\n\n\n\n<p>Con los primeros acordes de su banda, inmediatamente su talento vocal y su capacidad interpretativa se mostr\u00f3 ante los miles de asistentes que inmediatamente corearon a la par sus grandes \u00e9xitos.<\/p>\n\n\n\n<p>Entre las canciones ovacionadas fueron \u201cAc\u00e1beme de matar\u201d y \u201cY si se quiere ir\u201d, que retumbaron en toda la plaza y cantadas con intensidad por todos los presentes.<\/p>\n\n\n\n<p>\u201cEl Flaco\u201d, actualmente es un cantante del Regional Mexicano multipremiado y reconocido no solo en el pa\u00eds, sino a nivel internacional y esque su m\u00fasica a encontrado m\u00faltiples significados; alegr\u00eda, amor y nostalgia.<\/p>\n\n\n\n<p><em>\u00daLTIMO D\u00cdA DE ACTIVIDADES DOMINGO 28 DE JULIO<\/em><br>18 hrs. Torito Gigante<br>Lugar: Plaza C\u00edvica<br>22 hrs. Cuarto Magno Concierto: Gloria Trevi<br>Lugar: Plaza C\u00edvica<\/p>\n\n\n\n<figure class=\"wp-block-image size-large\"><img loading=\"lazy\" decoding=\"async\" width=\"1024\" height=\"682\" src=\"https:\/\/encuentroinformativo.com.mx\/wp-content\/uploads\/2024\/07\/1000352247-1024x682.jpg\" alt=\"\" class=\"wp-image-57030\" srcset=\"https:\/\/encuentroinformativo.com.mx\/wp-content\/uploads\/2024\/07\/1000352247-1024x682.jpg 1024w, https:\/\/encuentroinformativo.com.mx\/wp-content\/uploads\/2024\/07\/1000352247-300x200.jpg 300w, https:\/\/encuentroinformativo.com.mx\/wp-content\/uploads\/2024\/07\/1000352247-768x512.jpg 768w, https:\/\/encuentroinformativo.com.mx\/wp-content\/uploads\/2024\/07\/1000352247.jpg 1280w\" sizes=\"auto, (max-width: 1024px) 100vw, 1024px\" \/><\/figure>\n","protected":false},"excerpt":{"rendered":"<p>* La Plaza C\u00edvica Benito Ju\u00e1rez luci\u00f3 repleta de boque\u00f1os y visitantes que disfrutaron de tan colorido concierto de m\u00fasica banda. Boca del R\u00edo, Ver.- Con 25 a\u00f1os de una destacada carrera en la m\u00fasica mexicana, Luis \u00c1ngel \u201cEl Flaco\u201d, lleg\u00f3 con gran \u00e9xito a las Fiestas de Santa 2024; uno de los magnos conciertos [&hellip;]<\/p>\n","protected":false},"author":2476,"featured_media":57029,"comment_status":"open","ping_status":"open","sticky":false,"template":"","format":"standard","meta":{"_jetpack_memberships_contains_paid_content":false,"footnotes":""},"categories":[2],"tags":[],"class_list":["post-57028","post","type-post","status-publish","format-standard","has-post-thumbnail","hentry","category-estado"],"jetpack_featured_media_url":"https:\/\/encuentroinformativo.com.mx\/wp-content\/uploads\/2024\/07\/IMG-20240728-WA0002.jpg","jetpack_sharing_enabled":true,"jetpack_likes_enabled":true,"amp_enabled":true,"_links":{"self":[{"href":"https:\/\/encuentroinformativo.com.mx\/index.php?rest_route=\/wp\/v2\/posts\/57028","targetHints":{"allow":["GET"]}}],"collection":[{"href":"https:\/\/encuentroinformativo.com.mx\/index.php?rest_route=\/wp\/v2\/posts"}],"about":[{"href":"https:\/\/encuentroinformativo.com.mx\/index.php?rest_route=\/wp\/v2\/types\/post"}],"author":[{"embeddable":true,"href":"https:\/\/encuentroinformativo.com.mx\/index.php?rest_route=\/wp\/v2\/users\/2476"}],"replies":[{"embeddable":true,"href":"https:\/\/encuentroinformativo.com.mx\/index.php?rest_route=%2Fwp%2Fv2%2Fcomments&post=57028"}],"version-history":[{"count":1,"href":"https:\/\/encuentroinformativo.com.mx\/index.php?rest_route=\/wp\/v2\/posts\/57028\/revisions"}],"predecessor-version":[{"id":57031,"href":"https:\/\/encuentroinformativo.com.mx\/index.php?rest_route=\/wp\/v2\/posts\/57028\/revisions\/57031"}],"wp:featuredmedia":[{"embeddable":true,"href":"https:\/\/encuentroinformativo.com.mx\/index.php?rest_route=\/wp\/v2\/media\/57029"}],"wp:attachment":[{"href":"https:\/\/encuentroinformativo.com.mx\/index.php?rest_route=%2Fwp%2Fv2%2Fmedia&parent=57028"}],"wp:term":[{"taxonomy":"category","embeddable":true,"href":"https:\/\/encuentroinformativo.com.mx\/index.php?rest_route=%2Fwp%2Fv2%2Fcategories&post=57028"},{"taxonomy":"post_tag","embeddable":true,"href":"https:\/\/encuentroinformativo.com.mx\/index.php?rest_route=%2Fwp%2Fv2%2Ftags&post=57028"}],"curies":[{"name":"wp","href":"https:\/\/api.w.org\/{rel}","templated":true}]}}