{"id":57039,"date":"2024-07-29T12:05:49","date_gmt":"2024-07-29T18:05:49","guid":{"rendered":"https:\/\/encuentroinformativo.com.mx\/?p=57039"},"modified":"2024-07-29T12:05:55","modified_gmt":"2024-07-29T18:05:55","slug":"entrega-cuitlahuac-garcia-47-patrullas-con-ultima-tecnologia-para-reforzar-seguridad-en-veracruz","status":"publish","type":"post","link":"https:\/\/encuentroinformativo.com.mx\/?p=57039","title":{"rendered":"Entrega Cuitl\u00e1huac Garc\u00eda 47 patrullas con \u00faltima tecnolog\u00eda para reforzar seguridad en Veracruz"},"content":{"rendered":"\n<p><strong>* Se suman para continuar con la reducci\u00f3n delictiva hist\u00f3rica en la entidad.<\/strong><\/p>\n\n\n\n<p>Xalapa, Ver.- En respuesta al compromiso del Gobernador, Cuitl\u00e1huac Garc\u00eda Jim\u00e9nez de fortalecer las estrategias cuyo resultado ha permitido disminuir hist\u00f3ricamente la incidencia delictiva, se entregaron 47 patrullas para la Secretar\u00eda de Seguridad P\u00fablica (SSP).<br>En las instalaciones del DIF Estatal, el ejecutivo detall\u00f3 que las unidades cuentan con la m\u00e1s alta tecnolog\u00eda, adem\u00e1s de estar equipadas con equipo de radiocomunicaci\u00f3n y localizaci\u00f3n GPS.<\/p>\n\n\n\n<p>Derivado del convenio de coordinaci\u00f3n del fondo de aportaciones para la seguridad p\u00fablica (FASP) ejercicio fiscal 2024, las unidades son modelo RAM HD 2024, las cuales fueron equipadas y balizadas como patrullas de reacci\u00f3n.<\/p>\n\n\n\n<p>Las nuevas unidades se suman al parque vehicular la Secretar\u00eda de Seguridad P\u00fablica y ser\u00e1n utilizadas para acciones de vigilancia, protecci\u00f3n ciudadana y prevenci\u00f3n del delito, estrategia que ha permitido disminuir el homicidio doloso de manera hist\u00f3rica, colocando a la entidad veracruzana en el lugar 25, por cada 100 mil habitantes.<\/p>\n\n\n\n<p>Con el fortalecimiento a las tareas de combate a los \u00edndices delictivos, se continuar\u00e1 con resultados de manera inmediata, para que los veracruzanos puedan dar fe de la tranquilidad social, que ya se es una realidad.<\/p>\n\n\n\n<p>Ante personal operativo y administrativo de la dependencia, funcionarios de gabinete estatal y asistentes, el Gobernador destac\u00f3 tambi\u00e9n el compromiso cumplido y que hoy es una realidad, al dignificar a los uniformados con el aumento salarial del 43.7 por ciento de 2018 a la fecha, posicion\u00e1ndose la dependencia entre las 10 mejores pagadas del pa\u00eds, y de igual forma al entregar 64 viviendas a deudos de polic\u00edas ca\u00eddos, incluso cubriendo el rezago de administraciones anteriores.<\/p>\n\n\n\n<p>De igual forma expres\u00f3 su respaldo y agradecimiento al gobierno federal que, en coordinaci\u00f3n con el estado, a diario recorren miles de kil\u00f3metros para brindar la paz y tranquilidad que merecen las y los veracruzanos.<\/p>\n\n\n\n<figure class=\"wp-block-image size-large\"><img loading=\"lazy\" decoding=\"async\" width=\"1024\" height=\"582\" src=\"https:\/\/encuentroinformativo.com.mx\/wp-content\/uploads\/2024\/07\/1000352844-1024x582.jpg\" alt=\"\" class=\"wp-image-57041\" srcset=\"https:\/\/encuentroinformativo.com.mx\/wp-content\/uploads\/2024\/07\/1000352844-1024x582.jpg 1024w, https:\/\/encuentroinformativo.com.mx\/wp-content\/uploads\/2024\/07\/1000352844-300x170.jpg 300w, https:\/\/encuentroinformativo.com.mx\/wp-content\/uploads\/2024\/07\/1000352844-768x436.jpg 768w, https:\/\/encuentroinformativo.com.mx\/wp-content\/uploads\/2024\/07\/1000352844-1536x873.jpg 1536w, https:\/\/encuentroinformativo.com.mx\/wp-content\/uploads\/2024\/07\/1000352844.jpg 1600w\" sizes=\"auto, (max-width: 1024px) 100vw, 1024px\" \/><\/figure>\n","protected":false},"excerpt":{"rendered":"<p>* Se suman para continuar con la reducci\u00f3n delictiva hist\u00f3rica en la entidad. Xalapa, Ver.- En respuesta al compromiso del Gobernador, Cuitl\u00e1huac Garc\u00eda Jim\u00e9nez de fortalecer las estrategias cuyo resultado ha permitido disminuir hist\u00f3ricamente la incidencia delictiva, se entregaron 47 patrullas para la Secretar\u00eda de Seguridad P\u00fablica (SSP).En las instalaciones del DIF Estatal, el ejecutivo [&hellip;]<\/p>\n","protected":false},"author":2476,"featured_media":57040,"comment_status":"open","ping_status":"open","sticky":false,"template":"","format":"standard","meta":{"_jetpack_memberships_contains_paid_content":false,"footnotes":""},"categories":[2],"tags":[],"class_list":["post-57039","post","type-post","status-publish","format-standard","has-post-thumbnail","hentry","category-estado"],"jetpack_featured_media_url":"https:\/\/encuentroinformativo.com.mx\/wp-content\/uploads\/2024\/07\/IMG-20240729-WA0030.jpg","jetpack_sharing_enabled":true,"jetpack_likes_enabled":true,"amp_enabled":true,"_links":{"self":[{"href":"https:\/\/encuentroinformativo.com.mx\/index.php?rest_route=\/wp\/v2\/posts\/57039","targetHints":{"allow":["GET"]}}],"collection":[{"href":"https:\/\/encuentroinformativo.com.mx\/index.php?rest_route=\/wp\/v2\/posts"}],"about":[{"href":"https:\/\/encuentroinformativo.com.mx\/index.php?rest_route=\/wp\/v2\/types\/post"}],"author":[{"embeddable":true,"href":"https:\/\/encuentroinformativo.com.mx\/index.php?rest_route=\/wp\/v2\/users\/2476"}],"replies":[{"embeddable":true,"href":"https:\/\/encuentroinformativo.com.mx\/index.php?rest_route=%2Fwp%2Fv2%2Fcomments&post=57039"}],"version-history":[{"count":1,"href":"https:\/\/encuentroinformativo.com.mx\/index.php?rest_route=\/wp\/v2\/posts\/57039\/revisions"}],"predecessor-version":[{"id":57042,"href":"https:\/\/encuentroinformativo.com.mx\/index.php?rest_route=\/wp\/v2\/posts\/57039\/revisions\/57042"}],"wp:featuredmedia":[{"embeddable":true,"href":"https:\/\/encuentroinformativo.com.mx\/index.php?rest_route=\/wp\/v2\/media\/57040"}],"wp:attachment":[{"href":"https:\/\/encuentroinformativo.com.mx\/index.php?rest_route=%2Fwp%2Fv2%2Fmedia&parent=57039"}],"wp:term":[{"taxonomy":"category","embeddable":true,"href":"https:\/\/encuentroinformativo.com.mx\/index.php?rest_route=%2Fwp%2Fv2%2Fcategories&post=57039"},{"taxonomy":"post_tag","embeddable":true,"href":"https:\/\/encuentroinformativo.com.mx\/index.php?rest_route=%2Fwp%2Fv2%2Ftags&post=57039"}],"curies":[{"name":"wp","href":"https:\/\/api.w.org\/{rel}","templated":true}]}}