{"id":5705,"date":"2020-09-10T14:06:06","date_gmt":"2020-09-10T19:06:06","guid":{"rendered":"https:\/\/encuentroinformativo.com.mx\/?p=5705"},"modified":"2020-09-11T02:22:00","modified_gmt":"2020-09-11T07:22:00","slug":"antorchistas-protestan-contra-autoridades-de-puebla-y-veracruz","status":"publish","type":"post","link":"https:\/\/encuentroinformativo.com.mx\/?p=5705","title":{"rendered":"Antorchistas protestan contra autoridades de Puebla y Veracruz"},"content":{"rendered":"<p>Dar\u00edo Pale<\/p>\n<p>Xalapa, Ver.-\u00a0La integrante de la dirigencia estatal de Antorcha Campesina Minerva Salcedo Baca, realizaron una marcha y manifestaci\u00f3n por las principales calles del centro de la ciudad, para denunciar que hay abusos en contra de dicha organizaci\u00f3n por parte de las autoridades de Puebla y Veracruz.<\/p>\n<p>Entrevistada durante la manifestaci\u00f3n en la Plaza Lerdo, denunci\u00f3 que el gobierno no est\u00e1 atendiendo las demandas que tiene dicha organizaci\u00f3n, adem\u00e1s de que no tiene desarrollo econ\u00f3mico ni acceso a la salud sobre todo durante la pandemia por el Covid-19.<\/p>\n<p>En otro orden de ideas se\u00f1al\u00f3 que el gobierno morenista de Cuitl\u00e1huac Garc\u00eda Jim\u00e9nez, no ha cumplido con los compromisos de construcci\u00f3n de obra p\u00fablica y servicios b\u00e1sicos, as\u00ed como apoyos al campo, a la educaci\u00f3n, al deporte y a la cultura, contra\u00eddos con m\u00e1s de 700 pueblos y colonias hace m\u00e1s de un a\u00f1o.<\/p>\n<p>\u201cEsta es tambi\u00e9n la primera movilizaci\u00f3n que realizamos para denunciar la insensibilidad del gobernador Cuitl\u00e1huac Garc\u00eda y la incompetencia de su gobierno. Realizaremos manifestaciones en distintos puntos del estado para hacer que atienda las necesidades del pueblo veracruzano\u201d, finaliz\u00f3.<\/p>\n","protected":false},"excerpt":{"rendered":"<p>Dar\u00edo Pale Xalapa, Ver.-\u00a0La integrante de la dirigencia estatal de Antorcha Campesina Minerva Salcedo Baca, realizaron una marcha y manifestaci\u00f3n por las principales calles del centro de la ciudad, para denunciar que hay abusos en contra de dicha organizaci\u00f3n por parte de las autoridades de Puebla y Veracruz. Entrevistada durante la manifestaci\u00f3n en la Plaza [&hellip;]<\/p>\n","protected":false},"author":1,"featured_media":5706,"comment_status":"open","ping_status":"open","sticky":false,"template":"","format":"standard","meta":{"_jetpack_memberships_contains_paid_content":false,"footnotes":""},"categories":[12],"tags":[],"class_list":["post-5705","post","type-post","status-publish","format-standard","has-post-thumbnail","hentry","category-nacional"],"jetpack_featured_media_url":"https:\/\/encuentroinformativo.com.mx\/wp-content\/uploads\/2020\/09\/ED15C1CC-3FB0-4BE6-B85B-F8B719E9E9A7.jpeg","jetpack_sharing_enabled":true,"jetpack_likes_enabled":true,"amp_enabled":true,"_links":{"self":[{"href":"https:\/\/encuentroinformativo.com.mx\/index.php?rest_route=\/wp\/v2\/posts\/5705","targetHints":{"allow":["GET"]}}],"collection":[{"href":"https:\/\/encuentroinformativo.com.mx\/index.php?rest_route=\/wp\/v2\/posts"}],"about":[{"href":"https:\/\/encuentroinformativo.com.mx\/index.php?rest_route=\/wp\/v2\/types\/post"}],"author":[{"embeddable":true,"href":"https:\/\/encuentroinformativo.com.mx\/index.php?rest_route=\/wp\/v2\/users\/1"}],"replies":[{"embeddable":true,"href":"https:\/\/encuentroinformativo.com.mx\/index.php?rest_route=%2Fwp%2Fv2%2Fcomments&post=5705"}],"version-history":[{"count":2,"href":"https:\/\/encuentroinformativo.com.mx\/index.php?rest_route=\/wp\/v2\/posts\/5705\/revisions"}],"predecessor-version":[{"id":5750,"href":"https:\/\/encuentroinformativo.com.mx\/index.php?rest_route=\/wp\/v2\/posts\/5705\/revisions\/5750"}],"wp:featuredmedia":[{"embeddable":true,"href":"https:\/\/encuentroinformativo.com.mx\/index.php?rest_route=\/wp\/v2\/media\/5706"}],"wp:attachment":[{"href":"https:\/\/encuentroinformativo.com.mx\/index.php?rest_route=%2Fwp%2Fv2%2Fmedia&parent=5705"}],"wp:term":[{"taxonomy":"category","embeddable":true,"href":"https:\/\/encuentroinformativo.com.mx\/index.php?rest_route=%2Fwp%2Fv2%2Fcategories&post=5705"},{"taxonomy":"post_tag","embeddable":true,"href":"https:\/\/encuentroinformativo.com.mx\/index.php?rest_route=%2Fwp%2Fv2%2Ftags&post=5705"}],"curies":[{"name":"wp","href":"https:\/\/api.w.org\/{rel}","templated":true}]}}