{"id":57051,"date":"2024-07-29T12:37:14","date_gmt":"2024-07-29T18:37:14","guid":{"rendered":"https:\/\/encuentroinformativo.com.mx\/?p=57051"},"modified":"2024-07-29T12:38:04","modified_gmt":"2024-07-29T18:38:04","slug":"le-niegan-atencion-en-hospital-da-a-luz-en-autobus-de-pasaje","status":"publish","type":"post","link":"https:\/\/encuentroinformativo.com.mx\/?p=57051","title":{"rendered":"Le niegan atenci\u00f3n en hospital, da a luz en autob\u00fas de pasaje"},"content":{"rendered":"\n<p><strong>Alejandro \u00c1vila<\/strong><\/p>\n\n\n\n<p>Coscomatepec, Ver.- A primera hora de este lunes se dio a conocer una joven embarazada le fue negada la atenci\u00f3n en el Hospital de Coscomatepec, por lo que termin\u00f3 dando a luz en un autob\u00fas de pasaje con rumbo a C\u00f3rdoba.<\/p>\n\n\n\n<p>La joven que fue identificada con el nombre de Reyna y perteneciente al municipio de Zentla lleg\u00f3 al Hospital de Coscomatepec para ser atendida por su embarazo, sin embargo, en el nosocomio le negaron la atenci\u00f3n, y \u00e9sta como se encontraba labor de parto subi\u00f3 a un autob\u00fas de la l\u00ednea Terranova, donde minutos m\u00e1s tarde dio a luz.<\/p>\n\n\n\n<p>Reyna, de escasos recursos, decidi\u00f3 tomar el autob\u00fas que pasaba en ese momento y dirigirse hacia C\u00f3rdoba, pero en Chocaman empez\u00f3 con las labores de parto, afortunadamente una enfermera viajaba en la unidad y ayudo a la f\u00e9mina<\/p>\n\n\n\n<p>Posteriormente en Monte Blanco se subi\u00f3 un enfermero quienes sum\u00f3 para auxiliar a qu\u00e9 el beb\u00e9 naciera, al final, fue abordada a una ambulancia en Fort\u00edn para ser trasladada al Hospital de C\u00f3rdoba.<\/p>\n\n\n\n<p>La mujer y su beb\u00e9 se reportan bien y estables, gracias a los enfermeros que ayudaron.<\/p>\n","protected":false},"excerpt":{"rendered":"<p>Alejandro \u00c1vila Coscomatepec, Ver.- A primera hora de este lunes se dio a conocer una joven embarazada le fue negada la atenci\u00f3n en el Hospital de Coscomatepec, por lo que termin\u00f3 dando a luz en un autob\u00fas de pasaje con rumbo a C\u00f3rdoba. La joven que fue identificada con el nombre de Reyna y perteneciente [&hellip;]<\/p>\n","protected":false},"author":2476,"featured_media":57052,"comment_status":"open","ping_status":"open","sticky":false,"template":"","format":"standard","meta":{"_jetpack_memberships_contains_paid_content":false,"footnotes":""},"categories":[9],"tags":[],"class_list":["post-57051","post","type-post","status-publish","format-standard","has-post-thumbnail","hentry","category-salud"],"jetpack_featured_media_url":"https:\/\/encuentroinformativo.com.mx\/wp-content\/uploads\/2024\/07\/IMG-20240729-WA0052.jpg","jetpack_sharing_enabled":true,"jetpack_likes_enabled":true,"amp_enabled":true,"_links":{"self":[{"href":"https:\/\/encuentroinformativo.com.mx\/index.php?rest_route=\/wp\/v2\/posts\/57051","targetHints":{"allow":["GET"]}}],"collection":[{"href":"https:\/\/encuentroinformativo.com.mx\/index.php?rest_route=\/wp\/v2\/posts"}],"about":[{"href":"https:\/\/encuentroinformativo.com.mx\/index.php?rest_route=\/wp\/v2\/types\/post"}],"author":[{"embeddable":true,"href":"https:\/\/encuentroinformativo.com.mx\/index.php?rest_route=\/wp\/v2\/users\/2476"}],"replies":[{"embeddable":true,"href":"https:\/\/encuentroinformativo.com.mx\/index.php?rest_route=%2Fwp%2Fv2%2Fcomments&post=57051"}],"version-history":[{"count":2,"href":"https:\/\/encuentroinformativo.com.mx\/index.php?rest_route=\/wp\/v2\/posts\/57051\/revisions"}],"predecessor-version":[{"id":57054,"href":"https:\/\/encuentroinformativo.com.mx\/index.php?rest_route=\/wp\/v2\/posts\/57051\/revisions\/57054"}],"wp:featuredmedia":[{"embeddable":true,"href":"https:\/\/encuentroinformativo.com.mx\/index.php?rest_route=\/wp\/v2\/media\/57052"}],"wp:attachment":[{"href":"https:\/\/encuentroinformativo.com.mx\/index.php?rest_route=%2Fwp%2Fv2%2Fmedia&parent=57051"}],"wp:term":[{"taxonomy":"category","embeddable":true,"href":"https:\/\/encuentroinformativo.com.mx\/index.php?rest_route=%2Fwp%2Fv2%2Fcategories&post=57051"},{"taxonomy":"post_tag","embeddable":true,"href":"https:\/\/encuentroinformativo.com.mx\/index.php?rest_route=%2Fwp%2Fv2%2Ftags&post=57051"}],"curies":[{"name":"wp","href":"https:\/\/api.w.org\/{rel}","templated":true}]}}