{"id":57061,"date":"2024-07-29T13:27:58","date_gmt":"2024-07-29T19:27:58","guid":{"rendered":"https:\/\/encuentroinformativo.com.mx\/?p=57061"},"modified":"2024-07-29T13:28:04","modified_gmt":"2024-07-29T19:28:04","slug":"fallece-director-de-carnaval-de-veracruz-el-pollo-perez-fraga","status":"publish","type":"post","link":"https:\/\/encuentroinformativo.com.mx\/?p=57061","title":{"rendered":"Fallece director de Carnaval de Veracruz, &#8220;El Pollo&#8221; P\u00e9rez Fraga"},"content":{"rendered":"\n<p><strong>Alejandro \u00c1vila<\/strong><\/p>\n\n\n\n<p>Veracruz, Ver.- La ma\u00f1ana de este lunes se anunci\u00f3 de manera oficial que el director de Carnaval, Luis Antonio P\u00e9rez Fraga, perdi\u00f3 la batalla contra el c\u00e1ncer a los 62 a\u00f1os de edad.<\/p>\n\n\n\n<p>Mejor conocido como &#8220;El Pollo&#8221;, el jarocho luchaba desde hace muchos a\u00f1os con un c\u00e1ncer de pulm\u00f3n, del cual se form\u00f3 un tumor no operable debido a que se encontraba cerca de la vena aorta.<\/p>\n\n\n\n<p>Egresado de la Licenciatura en Derecho de la Universidad Veracruzana, &#8220;El Pollo&#8221; tambi\u00e9n fue pol\u00edtico, y logr\u00f3 ser Diputado Federal de 1988, tras un largo paso en las dirigencias juveniles del Partido Revolucionario Institucional (PRI).<\/p>\n\n\n\n<p>Desde la administraci\u00f3n del priista Ram\u00f3n Poo Gil, fue designado presidente del Comit\u00e9 de Carnaval de Veracruz, y ratificado con los panistas, Fernando Yunes M\u00e1rquez y Patricia Lobeira Rodr\u00edguez.<\/p>\n\n\n\n<p>Luis Antonio P\u00e9rez Fraga tambi\u00e9n ser\u00e1 recordado por ser un gran promotor de la salsa en Veracruz, pues fue art\u00edfice de la llegada de grandes artistas como: La Sonora Ponce\u00f1a, El Gran Combo de Puerto Rico, Willie Col\u00f3n, \u00d3scar de Le\u00f3n, entre otros.<\/p>\n","protected":false},"excerpt":{"rendered":"<p>Alejandro \u00c1vila Veracruz, Ver.- La ma\u00f1ana de este lunes se anunci\u00f3 de manera oficial que el director de Carnaval, Luis Antonio P\u00e9rez Fraga, perdi\u00f3 la batalla contra el c\u00e1ncer a los 62 a\u00f1os de edad. Mejor conocido como &#8220;El Pollo&#8221;, el jarocho luchaba desde hace muchos a\u00f1os con un c\u00e1ncer de pulm\u00f3n, del cual se [&hellip;]<\/p>\n","protected":false},"author":2476,"featured_media":7131,"comment_status":"open","ping_status":"open","sticky":false,"template":"","format":"standard","meta":{"_jetpack_memberships_contains_paid_content":false,"footnotes":""},"categories":[2],"tags":[],"class_list":["post-57061","post","type-post","status-publish","format-standard","has-post-thumbnail","hentry","category-estado"],"jetpack_featured_media_url":"https:\/\/encuentroinformativo.com.mx\/wp-content\/uploads\/2020\/10\/CB44B17A-8CC2-4663-ADAB-D1F33DBF71D8.jpeg","jetpack_sharing_enabled":true,"jetpack_likes_enabled":true,"amp_enabled":true,"_links":{"self":[{"href":"https:\/\/encuentroinformativo.com.mx\/index.php?rest_route=\/wp\/v2\/posts\/57061","targetHints":{"allow":["GET"]}}],"collection":[{"href":"https:\/\/encuentroinformativo.com.mx\/index.php?rest_route=\/wp\/v2\/posts"}],"about":[{"href":"https:\/\/encuentroinformativo.com.mx\/index.php?rest_route=\/wp\/v2\/types\/post"}],"author":[{"embeddable":true,"href":"https:\/\/encuentroinformativo.com.mx\/index.php?rest_route=\/wp\/v2\/users\/2476"}],"replies":[{"embeddable":true,"href":"https:\/\/encuentroinformativo.com.mx\/index.php?rest_route=%2Fwp%2Fv2%2Fcomments&post=57061"}],"version-history":[{"count":1,"href":"https:\/\/encuentroinformativo.com.mx\/index.php?rest_route=\/wp\/v2\/posts\/57061\/revisions"}],"predecessor-version":[{"id":57062,"href":"https:\/\/encuentroinformativo.com.mx\/index.php?rest_route=\/wp\/v2\/posts\/57061\/revisions\/57062"}],"wp:featuredmedia":[{"embeddable":true,"href":"https:\/\/encuentroinformativo.com.mx\/index.php?rest_route=\/wp\/v2\/media\/7131"}],"wp:attachment":[{"href":"https:\/\/encuentroinformativo.com.mx\/index.php?rest_route=%2Fwp%2Fv2%2Fmedia&parent=57061"}],"wp:term":[{"taxonomy":"category","embeddable":true,"href":"https:\/\/encuentroinformativo.com.mx\/index.php?rest_route=%2Fwp%2Fv2%2Fcategories&post=57061"},{"taxonomy":"post_tag","embeddable":true,"href":"https:\/\/encuentroinformativo.com.mx\/index.php?rest_route=%2Fwp%2Fv2%2Ftags&post=57061"}],"curies":[{"name":"wp","href":"https:\/\/api.w.org\/{rel}","templated":true}]}}