{"id":57063,"date":"2024-07-29T13:33:22","date_gmt":"2024-07-29T19:33:22","guid":{"rendered":"https:\/\/encuentroinformativo.com.mx\/?p=57063"},"modified":"2024-07-29T13:33:29","modified_gmt":"2024-07-29T19:33:29","slug":"identificado-autor-intelectual-de-feminicidio-en-coatzacoalcos-fge","status":"publish","type":"post","link":"https:\/\/encuentroinformativo.com.mx\/?p=57063","title":{"rendered":"Identificado autor intelectual de feminicidio en Coatzacoalcos: FGE"},"content":{"rendered":"\n<p><strong>Dar\u00edo Pale <\/strong><\/p>\n\n\n\n<p>Xalapa, Ver.- Adelanta la Fiscal\u00eda General del Estado (FGE) que esta plenamente identificado el autor intelectual del feminicidio de la enfermera de Coatzacoalcos, confirma orden de aprehensi\u00f3n y se mantiene la l\u00ednea de investigaci\u00f3n de crimen pasional.<\/p>\n\n\n\n<p>En entrevista la Fiscal general del estado, Ver\u00f3nica Hern\u00e1ndez Gi\u00e1dans, adelant\u00f3 que \u00a0ya \u00a0est\u00e1 plenamente identificado el autor intelectual del feminicidio de Noriko Dayana Quezada en Coatzacoalcos, por lo que hay orden de aprehensi\u00f3n en contra del responsable y la l\u00ednea de investigaci\u00f3n es un tema pasional.<\/p>\n\n\n\n<p>&#8220;Hay un detenido con orden de aprehensi\u00f3n como presunto feminicida, ya hay orden de aprehensi\u00f3n tambi\u00e9n contra otra persona&#8221;, se\u00f1al\u00f3.<\/p>\n\n\n\n<p>Expuso, que ya cuentan con un detenido; sin embargo hay otra persona implicada en el asesinato quien cuenta con una orden de aprehensi\u00f3n.<\/p>\n\n\n\n<p>Destac\u00f3 que la l\u00ednea de investigaci\u00f3n que mantiene la fiscal\u00eda es un tema pasional.Asegur\u00f3 que no habr\u00e1 impunidad en este y ning\u00fan caso de feminicidio en el territorio veracruzano.<\/p>\n\n\n\n<p>Cabe mencionar que \u00a0derivado de actos de investigaci\u00f3n realizados por la trilog\u00eda investigadora, el pasado viernes se solicit\u00f3 orden de aprehensi\u00f3n contra dos presuntos responsables del feminicidio de Noriko Dallana \u201cN\u201d, hechos suscitados el d\u00eda 19 de este mes, a las afueras de la cl\u00ednica 36 del Instituto Mexicano del Seguro Social, en Coatzacoalcos.<\/p>\n\n\n\n<p>Este domingo, elementos de la polic\u00eda ministerial cumplimentaron la orden de aprehensi\u00f3n contra Luis Alfredo \u201cN\u201d, como presunto responsable del delito de feminicidio, a quien se le considera presunto autor material del mismo.<\/p>\n\n\n\n<p>Por \u00faltimo dijo que por respeto al debido proceso y a sus derechos humanos, Luis Alfredo \u201cN\u201d, ser\u00e1 presentado en audiencia inicial ante el juez de control y procedimiento penal oral, quien definir\u00e1 su situaci\u00f3n jur\u00eddica dentro del proceso penal 588\/2024.<\/p>\n","protected":false},"excerpt":{"rendered":"<p>Dar\u00edo Pale Xalapa, Ver.- Adelanta la Fiscal\u00eda General del Estado (FGE) que esta plenamente identificado el autor intelectual del feminicidio de la enfermera de Coatzacoalcos, confirma orden de aprehensi\u00f3n y se mantiene la l\u00ednea de investigaci\u00f3n de crimen pasional. En entrevista la Fiscal general del estado, Ver\u00f3nica Hern\u00e1ndez Gi\u00e1dans, adelant\u00f3 que \u00a0ya \u00a0est\u00e1 plenamente identificado [&hellip;]<\/p>\n","protected":false},"author":2476,"featured_media":57064,"comment_status":"open","ping_status":"open","sticky":false,"template":"","format":"standard","meta":{"_jetpack_memberships_contains_paid_content":false,"footnotes":""},"categories":[2],"tags":[],"class_list":["post-57063","post","type-post","status-publish","format-standard","has-post-thumbnail","hentry","category-estado"],"jetpack_featured_media_url":"https:\/\/encuentroinformativo.com.mx\/wp-content\/uploads\/2024\/07\/IMG-20240729-WA0060.jpg","jetpack_sharing_enabled":true,"jetpack_likes_enabled":true,"amp_enabled":true,"_links":{"self":[{"href":"https:\/\/encuentroinformativo.com.mx\/index.php?rest_route=\/wp\/v2\/posts\/57063","targetHints":{"allow":["GET"]}}],"collection":[{"href":"https:\/\/encuentroinformativo.com.mx\/index.php?rest_route=\/wp\/v2\/posts"}],"about":[{"href":"https:\/\/encuentroinformativo.com.mx\/index.php?rest_route=\/wp\/v2\/types\/post"}],"author":[{"embeddable":true,"href":"https:\/\/encuentroinformativo.com.mx\/index.php?rest_route=\/wp\/v2\/users\/2476"}],"replies":[{"embeddable":true,"href":"https:\/\/encuentroinformativo.com.mx\/index.php?rest_route=%2Fwp%2Fv2%2Fcomments&post=57063"}],"version-history":[{"count":1,"href":"https:\/\/encuentroinformativo.com.mx\/index.php?rest_route=\/wp\/v2\/posts\/57063\/revisions"}],"predecessor-version":[{"id":57065,"href":"https:\/\/encuentroinformativo.com.mx\/index.php?rest_route=\/wp\/v2\/posts\/57063\/revisions\/57065"}],"wp:featuredmedia":[{"embeddable":true,"href":"https:\/\/encuentroinformativo.com.mx\/index.php?rest_route=\/wp\/v2\/media\/57064"}],"wp:attachment":[{"href":"https:\/\/encuentroinformativo.com.mx\/index.php?rest_route=%2Fwp%2Fv2%2Fmedia&parent=57063"}],"wp:term":[{"taxonomy":"category","embeddable":true,"href":"https:\/\/encuentroinformativo.com.mx\/index.php?rest_route=%2Fwp%2Fv2%2Fcategories&post=57063"},{"taxonomy":"post_tag","embeddable":true,"href":"https:\/\/encuentroinformativo.com.mx\/index.php?rest_route=%2Fwp%2Fv2%2Ftags&post=57063"}],"curies":[{"name":"wp","href":"https:\/\/api.w.org\/{rel}","templated":true}]}}