{"id":57069,"date":"2024-07-29T17:13:35","date_gmt":"2024-07-29T23:13:35","guid":{"rendered":"https:\/\/encuentroinformativo.com.mx\/?p=57069"},"modified":"2024-07-29T17:13:42","modified_gmt":"2024-07-29T23:13:42","slug":"de-puro-show-califica-gobernador-denuncias-en-su-contra","status":"publish","type":"post","link":"https:\/\/encuentroinformativo.com.mx\/?p=57069","title":{"rendered":"De &#8220;puro show&#8221; califica Gobernador denuncias en su contra"},"content":{"rendered":"\n<p><strong>Dar\u00edo Pale<\/strong><\/p>\n\n\n\n<p>Xalapa, Ver.- Son &#8220;puro show&#8221; las denuncias presentadas por el exgobernador Miguel \u00c1ngel Yunes Linares, adem\u00e1s, pidi\u00f3 que se deje actuar a Comisi\u00f3n de B\u00fasqueda tras la no localizaci\u00f3n de Lorena Yamily Sotelo Cruz, quien viaj\u00f3 a Brasil, as\u00ed lo dio a conocer el gobernador Cuitl\u00e1huac Garc\u00eda Jim\u00e9nez.<\/p>\n\n\n\n<p>En conferencia de prensa, manifest\u00f3 que los Yunes tienen cola larga que les pisen y en lugar de atender las denuncias en su contra, trataron de cubrirse con fuero a trav\u00e9s de los cargos en el Senado y en el Congreso Local.<\/p>\n\n\n\n<p>Sostuvo que nunca ha utilizado el cargo para hacer campa\u00f1as, como s\u00ed lo hicieron los Yunes.<br>&#8220;Yo no hago le\u00f1a del \u00e1rbol ca\u00eddo, no tengo ning\u00fan inter\u00e9s en eso. Hay cuestiones de procuraci\u00f3n de justicia que atender, que las atiendan&#8221;, se\u00f1al\u00f3.<\/p>\n\n\n\n<p>Garc\u00eda Jim\u00e9nez expres\u00f3 que ante las amenazas que lanz\u00f3 el exmandatario, la gente ya sabe c\u00f3mo es esa familia.<\/p>\n\n\n\n<p>Afirm\u00f3 que Yunes Linares no present\u00f3 las denuncias, porque dej\u00f3 las denuncias y se fue, no se esper\u00f3 a que le sellaran de recibido.<\/p>\n\n\n\n<p>&#8220;A m\u00ed administraci\u00f3n ya van dos veces que se nos somete a escrutinio atroz, en 2021 y en el 2024, y la gente dijo adelante. En cambio para otros bastaron dos a\u00f1os y la gente dijo: hasta aqu\u00ed&#8221;, respondi\u00f3.<\/p>\n\n\n\n<p>Agreg\u00f3 que no se prestar\u00e1 a ese show, a las amenazas que siempre lanza, por lo cual le mand\u00f3 decir: &#8220;\u00a1rel\u00e1jate!&#8221;<\/p>\n\n\n\n<p>Manifest\u00f3 que fuera de ese contexto, responder\u00e1 sobre el tema de las c\u00e1maras de videovigilancia de manera puntual.<\/p>\n\n\n\n<p>En otro orden de ideas, defini\u00f3 que hay casos delicados de no localizaci\u00f3n de personas, ello al ser cuestionado sobre la desaparici\u00f3n de la veracruzana Lorena Yamily Sotelo Cruz, de quien sus familiares y amigos informaron que no saben nada luego de viajar a Brasil por una oferta de trabajo.<\/p>\n\n\n\n<p>Su madre, la se\u00f1ora Lorena Sotelo, difundi\u00f3 una fotograf\u00eda de su hija, quien desapareci\u00f3 desde el pasado 17 de julio luego de viajar de Veracruz a Brasil.<\/p>\n\n\n\n<p>La \u00faltima vez que tuvieron comunicaci\u00f3n con ella fue desde el aeropuerto de Brasil.<\/p>\n\n\n\n<p>Finalmente en ese sentido, el Gobernador pidi\u00f3 que se deje actuar a la Comisi\u00f3n Estatal de B\u00fasqueda, ya que es un ente que cuenta con todos los recursos suficientes en los casos de no localizaci\u00f3n de personas.<\/p>\n","protected":false},"excerpt":{"rendered":"<p>Dar\u00edo Pale Xalapa, Ver.- Son &#8220;puro show&#8221; las denuncias presentadas por el exgobernador Miguel \u00c1ngel Yunes Linares, adem\u00e1s, pidi\u00f3 que se deje actuar a Comisi\u00f3n de B\u00fasqueda tras la no localizaci\u00f3n de Lorena Yamily Sotelo Cruz, quien viaj\u00f3 a Brasil, as\u00ed lo dio a conocer el gobernador Cuitl\u00e1huac Garc\u00eda Jim\u00e9nez. En conferencia de prensa, manifest\u00f3 [&hellip;]<\/p>\n","protected":false},"author":2476,"featured_media":57070,"comment_status":"open","ping_status":"open","sticky":false,"template":"","format":"standard","meta":{"_jetpack_memberships_contains_paid_content":false,"footnotes":""},"categories":[2],"tags":[],"class_list":["post-57069","post","type-post","status-publish","format-standard","has-post-thumbnail","hentry","category-estado"],"jetpack_featured_media_url":"https:\/\/encuentroinformativo.com.mx\/wp-content\/uploads\/2024\/07\/IMG-20240729-WA0074.jpg","jetpack_sharing_enabled":true,"jetpack_likes_enabled":true,"amp_enabled":true,"_links":{"self":[{"href":"https:\/\/encuentroinformativo.com.mx\/index.php?rest_route=\/wp\/v2\/posts\/57069","targetHints":{"allow":["GET"]}}],"collection":[{"href":"https:\/\/encuentroinformativo.com.mx\/index.php?rest_route=\/wp\/v2\/posts"}],"about":[{"href":"https:\/\/encuentroinformativo.com.mx\/index.php?rest_route=\/wp\/v2\/types\/post"}],"author":[{"embeddable":true,"href":"https:\/\/encuentroinformativo.com.mx\/index.php?rest_route=\/wp\/v2\/users\/2476"}],"replies":[{"embeddable":true,"href":"https:\/\/encuentroinformativo.com.mx\/index.php?rest_route=%2Fwp%2Fv2%2Fcomments&post=57069"}],"version-history":[{"count":1,"href":"https:\/\/encuentroinformativo.com.mx\/index.php?rest_route=\/wp\/v2\/posts\/57069\/revisions"}],"predecessor-version":[{"id":57071,"href":"https:\/\/encuentroinformativo.com.mx\/index.php?rest_route=\/wp\/v2\/posts\/57069\/revisions\/57071"}],"wp:featuredmedia":[{"embeddable":true,"href":"https:\/\/encuentroinformativo.com.mx\/index.php?rest_route=\/wp\/v2\/media\/57070"}],"wp:attachment":[{"href":"https:\/\/encuentroinformativo.com.mx\/index.php?rest_route=%2Fwp%2Fv2%2Fmedia&parent=57069"}],"wp:term":[{"taxonomy":"category","embeddable":true,"href":"https:\/\/encuentroinformativo.com.mx\/index.php?rest_route=%2Fwp%2Fv2%2Fcategories&post=57069"},{"taxonomy":"post_tag","embeddable":true,"href":"https:\/\/encuentroinformativo.com.mx\/index.php?rest_route=%2Fwp%2Fv2%2Ftags&post=57069"}],"curies":[{"name":"wp","href":"https:\/\/api.w.org\/{rel}","templated":true}]}}