{"id":57072,"date":"2024-07-29T17:17:33","date_gmt":"2024-07-29T23:17:33","guid":{"rendered":"https:\/\/encuentroinformativo.com.mx\/?p=57072"},"modified":"2024-07-29T17:17:40","modified_gmt":"2024-07-29T23:17:40","slug":"invitan-a-fiestas-de-la-asuncion-en-teocelo","status":"publish","type":"post","link":"https:\/\/encuentroinformativo.com.mx\/?p=57072","title":{"rendered":"Invitan a fiestas de La Asunci\u00f3n en Teocelo"},"content":{"rendered":"\n<p><strong>Dar\u00edo Pale <\/strong><\/p>\n\n\n\n<p>Xalapa, Ver.- Invitan a la ciudadan\u00eda en general para que asista a las festividades en honor a la Virgen de la Asunci\u00f3n de Nuestra Se\u00f1ora en Teocelo, as\u00ed lo dieron a conocer los representantes de los Comit\u00e9s de los Barrios Populares de Teocelo.<\/p>\n\n\n\n<p>En conferencia de prensa los representantes de los Comit\u00e9s de la Colonia 20 de Noviembre, Pajaritos \u00f3 Emiliano Zapata, Abasolo, Vicente Guerrero, 5 de Mayo y el Calvario \u00f3 Rub\u00e9n Dar\u00edo, as\u00ed como organizadores de La Viejada, dieron a conocer el programa enfocado a las actividades religiosas.\u00a0<\/p>\n\n\n\n<p>Los eventos se efectuar\u00e1n del 4 al 17 de agosto y entre las actividades destacan el 4 de agosto que ser\u00e1 la llegada de la flor para la elaboraci\u00f3n de los arcos, adem\u00e1s de la tradicional Viejada, La Tabla del proceso 20, la elaboraci\u00f3n del tapete de aserr\u00edn, as\u00ed como procesiones religiosas.\u00a0<\/p>\n\n\n\n<p>Y es que cabe destacar que se le conoce como la fiesta de los barrios porque cada uno tiene su manera de festejar a la Santa Patrona con sus propias actividades.\u00a0<\/p>\n\n\n\n<p>Los organizadores dijeron que esperan que con \u00e9stas festividades se atraiga m\u00e1s turismo &#8220;qu\u00e9 tanto hace falta&#8221;.\u00a0<\/p>\n\n\n\n<p>Por \u00faltimo cabe se\u00f1alar que el 14 de agosto se llevan a cabo las ma\u00f1anitas en conjunto con la parroquia y adem\u00e1s se sube el arco floral en un colorido recorrido con la danza de los payasos.<\/p>\n","protected":false},"excerpt":{"rendered":"<p>Dar\u00edo Pale Xalapa, Ver.- Invitan a la ciudadan\u00eda en general para que asista a las festividades en honor a la Virgen de la Asunci\u00f3n de Nuestra Se\u00f1ora en Teocelo, as\u00ed lo dieron a conocer los representantes de los Comit\u00e9s de los Barrios Populares de Teocelo. En conferencia de prensa los representantes de los Comit\u00e9s de [&hellip;]<\/p>\n","protected":false},"author":2476,"featured_media":57073,"comment_status":"open","ping_status":"open","sticky":false,"template":"","format":"standard","meta":{"_jetpack_memberships_contains_paid_content":false,"footnotes":""},"categories":[8],"tags":[],"class_list":["post-57072","post","type-post","status-publish","format-standard","has-post-thumbnail","hentry","category-region"],"jetpack_featured_media_url":"https:\/\/encuentroinformativo.com.mx\/wp-content\/uploads\/2024\/07\/IMG-20240729-WA01052.jpg","jetpack_sharing_enabled":true,"jetpack_likes_enabled":true,"amp_enabled":true,"_links":{"self":[{"href":"https:\/\/encuentroinformativo.com.mx\/index.php?rest_route=\/wp\/v2\/posts\/57072","targetHints":{"allow":["GET"]}}],"collection":[{"href":"https:\/\/encuentroinformativo.com.mx\/index.php?rest_route=\/wp\/v2\/posts"}],"about":[{"href":"https:\/\/encuentroinformativo.com.mx\/index.php?rest_route=\/wp\/v2\/types\/post"}],"author":[{"embeddable":true,"href":"https:\/\/encuentroinformativo.com.mx\/index.php?rest_route=\/wp\/v2\/users\/2476"}],"replies":[{"embeddable":true,"href":"https:\/\/encuentroinformativo.com.mx\/index.php?rest_route=%2Fwp%2Fv2%2Fcomments&post=57072"}],"version-history":[{"count":1,"href":"https:\/\/encuentroinformativo.com.mx\/index.php?rest_route=\/wp\/v2\/posts\/57072\/revisions"}],"predecessor-version":[{"id":57074,"href":"https:\/\/encuentroinformativo.com.mx\/index.php?rest_route=\/wp\/v2\/posts\/57072\/revisions\/57074"}],"wp:featuredmedia":[{"embeddable":true,"href":"https:\/\/encuentroinformativo.com.mx\/index.php?rest_route=\/wp\/v2\/media\/57073"}],"wp:attachment":[{"href":"https:\/\/encuentroinformativo.com.mx\/index.php?rest_route=%2Fwp%2Fv2%2Fmedia&parent=57072"}],"wp:term":[{"taxonomy":"category","embeddable":true,"href":"https:\/\/encuentroinformativo.com.mx\/index.php?rest_route=%2Fwp%2Fv2%2Fcategories&post=57072"},{"taxonomy":"post_tag","embeddable":true,"href":"https:\/\/encuentroinformativo.com.mx\/index.php?rest_route=%2Fwp%2Fv2%2Ftags&post=57072"}],"curies":[{"name":"wp","href":"https:\/\/api.w.org\/{rel}","templated":true}]}}