{"id":5708,"date":"2020-09-10T14:26:43","date_gmt":"2020-09-10T19:26:43","guid":{"rendered":"https:\/\/encuentroinformativo.com.mx\/?p=5708"},"modified":"2020-09-11T01:34:09","modified_gmt":"2020-09-11T06:34:09","slug":"se-frenan-avances-en-investigacion-de-asesinato-de-maria-elena-ferral","status":"publish","type":"post","link":"https:\/\/encuentroinformativo.com.mx\/?p=5708","title":{"rendered":"Se frenan avances en investigaci\u00f3n de asesinato de Mar\u00eda Elena Ferral"},"content":{"rendered":"<p><span style=\"color: #ffffff;\"><strong>Juan Arcos\u00a0<\/strong><\/span><br \/><span style=\"color: #ffffff;\"><strong>Xalapa, Ver.-\u00a0<span style=\"font-size: 1rem;\">Mar\u00eda Fernanda Ferral denunci\u00f3 que no hay avances en la investigaci\u00f3n por el asesinato de su madre, la reportera Mar\u00eda Elena Ferral Hern\u00e1ndez, en el municipio de Papantla, al norte de Veracruz.<\/span><\/strong><\/span><br \/><br \/><span style=\"color: #ffffff;\"><strong>La entrevistada record\u00f3 que la comunicadora fue asesinadas balazos entre la cabecera municipal, el pasado 30 de marzo; sin embargo, hasta el momento el crimen no ha sido esclarecido.<\/strong><\/span><br \/><br \/><span style=\"color: #ffffff;\"><strong>Indic\u00f3 que, en un principio, fue buena la actuaci\u00f3n de la Fiscal\u00eda General del Estado (FGE) para dar con los responsables del homicidio, pero de abril pasado a la fecha ya no hay avances al respecto.<\/strong><\/span><br \/><br \/><span style=\"color: #ffffff;\"><strong>\u201cHa emitido cuatro \u00f3rdenes de aprehensi\u00f3n, pero la fiscal nos dijo que faltaban tres. Hay seis detenidos por este crimen\u201d.<\/strong><\/span><br \/><br \/><span style=\"color: #ffffff;\"><strong>Adem\u00e1s, mencion\u00f3 que la Fiscal\u00eda de Veracruz retir\u00f3 las medidas de protecci\u00f3n a su familia, toda vez que ser\u00edan proporcionadas s\u00f3lo durante 60 d\u00edas por protocolo.<\/strong><\/span><br \/><br \/><span style=\"color: #ffffff;\"><strong>No obstante, indic\u00f3 que, posteriormente, pudieron acceder a medidas de protecci\u00f3n por parte de la Comisi\u00f3n Ejecutiva de Atenci\u00f3n a V\u00edctimas (CEAV).<\/strong><\/span><\/p>\n<p><span style=\"color: #ffffff;\"><strong>La joven asumi\u00f3 la direcci\u00f3n del portal de noticias <em>Quinto Poder,<\/em> mismo que fue creado y dirigido por su madre.<\/strong><\/span><br \/><br \/><span style=\"color: #ffffff;\"><strong>\u201cVeracruz es un territorio muy peligroso para ser periodista, creo que todos hemos recibido agresiones verbales, algunos f\u00edsicas, por decir la verdad\u201d.<\/strong><\/span><br \/><br \/><span style=\"color: #ffffff;\"><strong>Despu\u00e9s del homicidio de su madre, fue v\u00edctima de un atentado; su veh\u00edculo fue baleado, pero afortunadamente result\u00f3 ilesa.<\/strong><\/span><br \/><br \/><span style=\"color: #ffffff;\"><strong>Sin embargo, refiri\u00f3 que contin\u00faa recibiendo amenazas de muerte, a trav\u00e9s de perfiles falsos en <em>Facebook<\/em>.<\/strong><\/span><br \/><br \/><span style=\"color: #ffffff;\"><strong>\u201c\u00bfQu\u00e9 pedir\u00eda?, justicia para todos los compa\u00f1eros, para todos los que integran la lista de reporteros asesinados en el estado\u201d, remat\u00f3.<\/strong><\/span><\/p>\n\n\n<p><\/p>\n","protected":false},"excerpt":{"rendered":"<p>Juan Arcos\u00a0Xalapa, Ver.-\u00a0Mar\u00eda Fernanda Ferral denunci\u00f3 que no hay avances en la investigaci\u00f3n por el asesinato de su madre, la reportera Mar\u00eda Elena Ferral Hern\u00e1ndez, en el municipio de Papantla, al norte de Veracruz. La entrevistada record\u00f3 que la comunicadora fue asesinadas balazos entre la cabecera municipal, el pasado 30 de marzo; sin embargo, hasta [&hellip;]<\/p>\n","protected":false},"author":1,"featured_media":5709,"comment_status":"open","ping_status":"open","sticky":false,"template":"","format":"standard","meta":{"_jetpack_memberships_contains_paid_content":false,"footnotes":""},"categories":[2],"tags":[],"class_list":["post-5708","post","type-post","status-publish","format-standard","has-post-thumbnail","hentry","category-estado"],"jetpack_featured_media_url":"https:\/\/encuentroinformativo.com.mx\/wp-content\/uploads\/2020\/09\/608BA557-81A7-4EFF-8F3F-CEF32A008169.jpeg","jetpack_sharing_enabled":true,"jetpack_likes_enabled":true,"amp_enabled":true,"_links":{"self":[{"href":"https:\/\/encuentroinformativo.com.mx\/index.php?rest_route=\/wp\/v2\/posts\/5708","targetHints":{"allow":["GET"]}}],"collection":[{"href":"https:\/\/encuentroinformativo.com.mx\/index.php?rest_route=\/wp\/v2\/posts"}],"about":[{"href":"https:\/\/encuentroinformativo.com.mx\/index.php?rest_route=\/wp\/v2\/types\/post"}],"author":[{"embeddable":true,"href":"https:\/\/encuentroinformativo.com.mx\/index.php?rest_route=\/wp\/v2\/users\/1"}],"replies":[{"embeddable":true,"href":"https:\/\/encuentroinformativo.com.mx\/index.php?rest_route=%2Fwp%2Fv2%2Fcomments&post=5708"}],"version-history":[{"count":2,"href":"https:\/\/encuentroinformativo.com.mx\/index.php?rest_route=\/wp\/v2\/posts\/5708\/revisions"}],"predecessor-version":[{"id":5728,"href":"https:\/\/encuentroinformativo.com.mx\/index.php?rest_route=\/wp\/v2\/posts\/5708\/revisions\/5728"}],"wp:featuredmedia":[{"embeddable":true,"href":"https:\/\/encuentroinformativo.com.mx\/index.php?rest_route=\/wp\/v2\/media\/5709"}],"wp:attachment":[{"href":"https:\/\/encuentroinformativo.com.mx\/index.php?rest_route=%2Fwp%2Fv2%2Fmedia&parent=5708"}],"wp:term":[{"taxonomy":"category","embeddable":true,"href":"https:\/\/encuentroinformativo.com.mx\/index.php?rest_route=%2Fwp%2Fv2%2Fcategories&post=5708"},{"taxonomy":"post_tag","embeddable":true,"href":"https:\/\/encuentroinformativo.com.mx\/index.php?rest_route=%2Fwp%2Fv2%2Ftags&post=5708"}],"curies":[{"name":"wp","href":"https:\/\/api.w.org\/{rel}","templated":true}]}}