{"id":57083,"date":"2024-07-30T10:19:57","date_gmt":"2024-07-30T16:19:57","guid":{"rendered":"https:\/\/encuentroinformativo.com.mx\/?p=57083"},"modified":"2024-07-30T10:20:06","modified_gmt":"2024-07-30T16:20:06","slug":"es-bueno-se-invierta-en-centro-historico-de-veracruz-cometur","status":"publish","type":"post","link":"https:\/\/encuentroinformativo.com.mx\/?p=57083","title":{"rendered":"Es bueno se invierta en Centro Hist\u00f3rico de Veracruz: COMETUR"},"content":{"rendered":"\n<p><strong>Alejandro \u00c1vila<\/strong><\/p>\n\n\n\n<p>Veracruz, Ver.- A todo el sector comercial que tiene sus establecimientos en el primer cuadro de la ciudad le preocupa la demora que se est\u00e1 teniendo en las obras p\u00fablicas que se realizan en el Centro Hist\u00f3rico de la ciudad de Veracruz, mencion\u00f3 el presidente del Consejo Metropolitano de Turismo (COMETUR), Sergio Lois Heredia.<\/p>\n\n\n\n<p>El empresario reconoci\u00f3 que cualquier obra que se realice en la ciudad genera una molestia temporal, sin embargo, a futuro, genera un beneficio para la poblaci\u00f3n, al tiempo que recalc\u00f3 su benepl\u00e1cito porque se invierta en el centro de la ciudad, ya que era un espacio al que le hac\u00eda mucha falta.<\/p>\n\n\n\n<p>&#8220;Es por el bien de Veracruz, lo entendemos, sin embargo, lo que s\u00ed se est\u00e1 observando es que, la verdad es que los trabajos, al igual que los que se hicieron en el \u00e1rea de Los Portales, y los que se siguen haciendo en la calle Zamora entre Zaragoza e Independencia, al igual que esos trabajos, pues los trabajos que est\u00e1n sobre la avenida Independencia se puede observar que van bastante lentos, en si se pueden observar a pocas personas trabajando en el d\u00eda, no son muchas horas las que se trabajan y la realidad es que eso pues empieza a preocupar en general, a lo que son sobre todo los negocios alrededor, porque las afectaciones van a durar muchos meses a este paso&#8221;, expres\u00f3.<\/p>\n\n\n\n<p>Sergio Lois dijo que espera en pr\u00f3ximos d\u00edas, cuando las lluvias tambi\u00e9n sean m\u00e1s benevolentes con las obras, pueda incrementarse el n\u00famero de obreros, para evitar se alarguen los trabajos y, de esta manera, se pueda comenzar a explotar las visitas al Centro Hist\u00f3rico como se ten\u00edan planeados en un principio.<\/p>\n\n\n\n<p>&#8220;S\u00ed es un problema que se est\u00e1 dando con el tr\u00e1fico, s\u00ed es un problema que se est\u00e1 dando en cuanto afectaciones econ\u00f3micas a los que se encuentran en lo que es la calle Independencia, repito, se entiende, que bueno que se est\u00e1 realizando, pero ojal\u00e1 se pueda hacer con mayor rapidez porque cuando se anunci\u00f3 la obra en alguna reuni\u00f3n que se tuvo, pues la realidad y se debe decir, es que para esta fecha ya se ten\u00eda proyectado que estuviera todo terminado&#8221;, culmin\u00f3.<\/p>\n","protected":false},"excerpt":{"rendered":"<p>Alejandro \u00c1vila Veracruz, Ver.- A todo el sector comercial que tiene sus establecimientos en el primer cuadro de la ciudad le preocupa la demora que se est\u00e1 teniendo en las obras p\u00fablicas que se realizan en el Centro Hist\u00f3rico de la ciudad de Veracruz, mencion\u00f3 el presidente del Consejo Metropolitano de Turismo (COMETUR), Sergio Lois [&hellip;]<\/p>\n","protected":false},"author":2476,"featured_media":57084,"comment_status":"open","ping_status":"open","sticky":false,"template":"","format":"standard","meta":{"_jetpack_memberships_contains_paid_content":false,"footnotes":""},"categories":[2],"tags":[],"class_list":["post-57083","post","type-post","status-publish","format-standard","has-post-thumbnail","hentry","category-estado"],"jetpack_featured_media_url":"https:\/\/encuentroinformativo.com.mx\/wp-content\/uploads\/2024\/07\/IMG-20240730-WA0005.jpg","jetpack_sharing_enabled":true,"jetpack_likes_enabled":true,"amp_enabled":true,"_links":{"self":[{"href":"https:\/\/encuentroinformativo.com.mx\/index.php?rest_route=\/wp\/v2\/posts\/57083","targetHints":{"allow":["GET"]}}],"collection":[{"href":"https:\/\/encuentroinformativo.com.mx\/index.php?rest_route=\/wp\/v2\/posts"}],"about":[{"href":"https:\/\/encuentroinformativo.com.mx\/index.php?rest_route=\/wp\/v2\/types\/post"}],"author":[{"embeddable":true,"href":"https:\/\/encuentroinformativo.com.mx\/index.php?rest_route=\/wp\/v2\/users\/2476"}],"replies":[{"embeddable":true,"href":"https:\/\/encuentroinformativo.com.mx\/index.php?rest_route=%2Fwp%2Fv2%2Fcomments&post=57083"}],"version-history":[{"count":1,"href":"https:\/\/encuentroinformativo.com.mx\/index.php?rest_route=\/wp\/v2\/posts\/57083\/revisions"}],"predecessor-version":[{"id":57085,"href":"https:\/\/encuentroinformativo.com.mx\/index.php?rest_route=\/wp\/v2\/posts\/57083\/revisions\/57085"}],"wp:featuredmedia":[{"embeddable":true,"href":"https:\/\/encuentroinformativo.com.mx\/index.php?rest_route=\/wp\/v2\/media\/57084"}],"wp:attachment":[{"href":"https:\/\/encuentroinformativo.com.mx\/index.php?rest_route=%2Fwp%2Fv2%2Fmedia&parent=57083"}],"wp:term":[{"taxonomy":"category","embeddable":true,"href":"https:\/\/encuentroinformativo.com.mx\/index.php?rest_route=%2Fwp%2Fv2%2Fcategories&post=57083"},{"taxonomy":"post_tag","embeddable":true,"href":"https:\/\/encuentroinformativo.com.mx\/index.php?rest_route=%2Fwp%2Fv2%2Ftags&post=57083"}],"curies":[{"name":"wp","href":"https:\/\/api.w.org\/{rel}","templated":true}]}}