{"id":57086,"date":"2024-07-30T10:23:39","date_gmt":"2024-07-30T16:23:39","guid":{"rendered":"https:\/\/encuentroinformativo.com.mx\/?p=57086"},"modified":"2024-07-30T10:23:51","modified_gmt":"2024-07-30T16:23:51","slug":"realizan-tapaton-scout-con-causa","status":"publish","type":"post","link":"https:\/\/encuentroinformativo.com.mx\/?p=57086","title":{"rendered":"Realizan &#8220;Tapat\u00f3n Scout&#8221; con causa"},"content":{"rendered":"\n<p><strong>Alejandro \u00c1vila<\/strong><\/p>\n\n\n\n<p>Veracruz, Ver.- El pr\u00f3ximo s\u00e1bado 10 de agosto concluir\u00e1 el &#8220;Tapat\u00f3n Scout con Causa 2024&#8221;, donde lo recaudado servir\u00e1 para ayudar a la peque\u00f1a de 6 a\u00f1os, Iyari Renata Rosales Mart\u00ednez.<\/p>\n\n\n\n<p>Este evento es organizado por el grupo scout Clan de Rovers &#8220;Tl\u00e1loc&#8221; en conjunto con la Asociaci\u00f3n Civil &#8220;Reciclemos y Ayudemos&#8221;.<\/p>\n\n\n\n<p>&#8220;Iyari tiene fibrosis qu\u00edstica (\u2026) este a\u00f1o s\u00ed va a ser \u00fanicamente para Iyari y el que sigue depende a la persona que le toque, otra persona que se escoja y otro ni\u00f1o que se va a apoyar. Todo el a\u00f1o es para Iyari&#8221;, mencion\u00f3 Penelope Reyes Escalante, coordinadora del proyecto.<\/p>\n\n\n\n<p>Los interesados en aportar tapas de pl\u00e1stico sanitizadas podr\u00e1n hacerlo lunes y jueves en el hotel Delfines de 9 a 11 de la ma\u00f1ana, y los d\u00edas s\u00e1bados por la tarde en el parque Zaragoza.<\/p>\n\n\n\n<p>Durante el evento de clausura que se realizar\u00e1 el s\u00e1bado 10 de agosto en el parque Zaragoza y que iniciar\u00e1 a las 11 de la ma\u00f1ana, habr\u00e1 talleres sobre medio ambiente, as\u00ed como actividades educativas y deportivas.<\/p>\n","protected":false},"excerpt":{"rendered":"<p>Alejandro \u00c1vila Veracruz, Ver.- El pr\u00f3ximo s\u00e1bado 10 de agosto concluir\u00e1 el &#8220;Tapat\u00f3n Scout con Causa 2024&#8221;, donde lo recaudado servir\u00e1 para ayudar a la peque\u00f1a de 6 a\u00f1os, Iyari Renata Rosales Mart\u00ednez. Este evento es organizado por el grupo scout Clan de Rovers &#8220;Tl\u00e1loc&#8221; en conjunto con la Asociaci\u00f3n Civil &#8220;Reciclemos y Ayudemos&#8221;. &#8220;Iyari [&hellip;]<\/p>\n","protected":false},"author":2476,"featured_media":57087,"comment_status":"open","ping_status":"open","sticky":false,"template":"","format":"standard","meta":{"_jetpack_memberships_contains_paid_content":false,"footnotes":""},"categories":[2],"tags":[],"class_list":["post-57086","post","type-post","status-publish","format-standard","has-post-thumbnail","hentry","category-estado"],"jetpack_featured_media_url":"https:\/\/encuentroinformativo.com.mx\/wp-content\/uploads\/2024\/07\/IMG-20240730-WA0006.jpg","jetpack_sharing_enabled":true,"jetpack_likes_enabled":true,"amp_enabled":true,"_links":{"self":[{"href":"https:\/\/encuentroinformativo.com.mx\/index.php?rest_route=\/wp\/v2\/posts\/57086","targetHints":{"allow":["GET"]}}],"collection":[{"href":"https:\/\/encuentroinformativo.com.mx\/index.php?rest_route=\/wp\/v2\/posts"}],"about":[{"href":"https:\/\/encuentroinformativo.com.mx\/index.php?rest_route=\/wp\/v2\/types\/post"}],"author":[{"embeddable":true,"href":"https:\/\/encuentroinformativo.com.mx\/index.php?rest_route=\/wp\/v2\/users\/2476"}],"replies":[{"embeddable":true,"href":"https:\/\/encuentroinformativo.com.mx\/index.php?rest_route=%2Fwp%2Fv2%2Fcomments&post=57086"}],"version-history":[{"count":1,"href":"https:\/\/encuentroinformativo.com.mx\/index.php?rest_route=\/wp\/v2\/posts\/57086\/revisions"}],"predecessor-version":[{"id":57088,"href":"https:\/\/encuentroinformativo.com.mx\/index.php?rest_route=\/wp\/v2\/posts\/57086\/revisions\/57088"}],"wp:featuredmedia":[{"embeddable":true,"href":"https:\/\/encuentroinformativo.com.mx\/index.php?rest_route=\/wp\/v2\/media\/57087"}],"wp:attachment":[{"href":"https:\/\/encuentroinformativo.com.mx\/index.php?rest_route=%2Fwp%2Fv2%2Fmedia&parent=57086"}],"wp:term":[{"taxonomy":"category","embeddable":true,"href":"https:\/\/encuentroinformativo.com.mx\/index.php?rest_route=%2Fwp%2Fv2%2Fcategories&post=57086"},{"taxonomy":"post_tag","embeddable":true,"href":"https:\/\/encuentroinformativo.com.mx\/index.php?rest_route=%2Fwp%2Fv2%2Ftags&post=57086"}],"curies":[{"name":"wp","href":"https:\/\/api.w.org\/{rel}","templated":true}]}}