{"id":57092,"date":"2024-07-30T12:14:34","date_gmt":"2024-07-30T18:14:34","guid":{"rendered":"https:\/\/encuentroinformativo.com.mx\/?p=57092"},"modified":"2024-07-30T12:14:41","modified_gmt":"2024-07-30T18:14:41","slug":"protestan-padres-por-cambio-de-guarderia-del-issste","status":"publish","type":"post","link":"https:\/\/encuentroinformativo.com.mx\/?p=57092","title":{"rendered":"Protestan padres por cambio de guarder\u00eda del ISSSTE"},"content":{"rendered":"\n<p><strong>Dar\u00edo Pale<\/strong><\/p>\n\n\n\n<p>Xalapa, Ver.- Madres y padres de familia derechohabientes del ISSSTE, tomaron este d\u00eda la delegaci\u00f3n de dicha dependencia federal, en protesta porque la guarder\u00eda &#8220;A\u00f1os M\u00e1gicos&#8221; no recibir\u00e1 m\u00e1s el subsidio federal.<\/p>\n\n\n\n<p>Una de las inconformes explic\u00f3 que les cambiaron la estancia infantil de sus hijos de la noche a la ma\u00f1ana, aunque reconocieron que los responsables de A\u00f1os M\u00e1gicos no participaron en la licitaci\u00f3n o llegaron de forma tard\u00eda, por lo que pidieron una pr\u00f3rroga.<\/p>\n\n\n\n<p>Afirmaron que la otra instituci\u00f3n a d\u00f3nde quieren cambiarlos no cumple con las especificaciones para ser una estancia, toda vez que es un sal\u00f3n de fiestas.<\/p>\n\n\n\n<p>A\u00f1os M\u00e1gicos recibe a peque\u00f1os desde maternal hasta preescolar, por lo que quieren que siga prestando el servicio.<\/p>\n\n\n\n<p>La guarder\u00eda subrogada del ISSSTE en esta capital se ubica en la avenida L\u00e1zaro C\u00e1rdenas 223 y de cambiarlos unos 100 ni\u00f1os y ni\u00f1as se ver\u00edan afectados.<\/p>\n\n\n\n<p>Finalmente se\u00f1alaron que est\u00e1n solicitando que consideren la estancia &#8220;A\u00f1os M\u00e1gicos&#8221;, para que le reciban la documentaci\u00f3n para que contin\u00fae dando el servicio, y continuar\u00e1n con la toma de las instalaciones hasta que tengan una respuesta favorable.<\/p>\n\n\n\n<figure class=\"wp-block-image size-large\"><img loading=\"lazy\" decoding=\"async\" width=\"900\" height=\"812\" src=\"https:\/\/encuentroinformativo.com.mx\/wp-content\/uploads\/2024\/07\/1000353688.jpg\" alt=\"\" class=\"wp-image-57094\" srcset=\"https:\/\/encuentroinformativo.com.mx\/wp-content\/uploads\/2024\/07\/1000353688.jpg 900w, https:\/\/encuentroinformativo.com.mx\/wp-content\/uploads\/2024\/07\/1000353688-300x271.jpg 300w, https:\/\/encuentroinformativo.com.mx\/wp-content\/uploads\/2024\/07\/1000353688-768x693.jpg 768w\" sizes=\"auto, (max-width: 900px) 100vw, 900px\" \/><\/figure>\n","protected":false},"excerpt":{"rendered":"<p>Dar\u00edo Pale Xalapa, Ver.- Madres y padres de familia derechohabientes del ISSSTE, tomaron este d\u00eda la delegaci\u00f3n de dicha dependencia federal, en protesta porque la guarder\u00eda &#8220;A\u00f1os M\u00e1gicos&#8221; no recibir\u00e1 m\u00e1s el subsidio federal. Una de las inconformes explic\u00f3 que les cambiaron la estancia infantil de sus hijos de la noche a la ma\u00f1ana, aunque [&hellip;]<\/p>\n","protected":false},"author":2476,"featured_media":57093,"comment_status":"open","ping_status":"open","sticky":false,"template":"","format":"standard","meta":{"_jetpack_memberships_contains_paid_content":false,"footnotes":""},"categories":[9],"tags":[],"class_list":["post-57092","post","type-post","status-publish","format-standard","has-post-thumbnail","hentry","category-salud"],"jetpack_featured_media_url":"https:\/\/encuentroinformativo.com.mx\/wp-content\/uploads\/2024\/07\/IMG-20240730-WA0016.jpg","jetpack_sharing_enabled":true,"jetpack_likes_enabled":true,"amp_enabled":true,"_links":{"self":[{"href":"https:\/\/encuentroinformativo.com.mx\/index.php?rest_route=\/wp\/v2\/posts\/57092","targetHints":{"allow":["GET"]}}],"collection":[{"href":"https:\/\/encuentroinformativo.com.mx\/index.php?rest_route=\/wp\/v2\/posts"}],"about":[{"href":"https:\/\/encuentroinformativo.com.mx\/index.php?rest_route=\/wp\/v2\/types\/post"}],"author":[{"embeddable":true,"href":"https:\/\/encuentroinformativo.com.mx\/index.php?rest_route=\/wp\/v2\/users\/2476"}],"replies":[{"embeddable":true,"href":"https:\/\/encuentroinformativo.com.mx\/index.php?rest_route=%2Fwp%2Fv2%2Fcomments&post=57092"}],"version-history":[{"count":1,"href":"https:\/\/encuentroinformativo.com.mx\/index.php?rest_route=\/wp\/v2\/posts\/57092\/revisions"}],"predecessor-version":[{"id":57095,"href":"https:\/\/encuentroinformativo.com.mx\/index.php?rest_route=\/wp\/v2\/posts\/57092\/revisions\/57095"}],"wp:featuredmedia":[{"embeddable":true,"href":"https:\/\/encuentroinformativo.com.mx\/index.php?rest_route=\/wp\/v2\/media\/57093"}],"wp:attachment":[{"href":"https:\/\/encuentroinformativo.com.mx\/index.php?rest_route=%2Fwp%2Fv2%2Fmedia&parent=57092"}],"wp:term":[{"taxonomy":"category","embeddable":true,"href":"https:\/\/encuentroinformativo.com.mx\/index.php?rest_route=%2Fwp%2Fv2%2Fcategories&post=57092"},{"taxonomy":"post_tag","embeddable":true,"href":"https:\/\/encuentroinformativo.com.mx\/index.php?rest_route=%2Fwp%2Fv2%2Ftags&post=57092"}],"curies":[{"name":"wp","href":"https:\/\/api.w.org\/{rel}","templated":true}]}}