{"id":57102,"date":"2024-07-30T18:10:50","date_gmt":"2024-07-31T00:10:50","guid":{"rendered":"https:\/\/encuentroinformativo.com.mx\/?p=57102"},"modified":"2024-07-30T18:10:56","modified_gmt":"2024-07-31T00:10:56","slug":"jaltipan-preparado-para-temporada-de-lluvias-afirma-alcalde","status":"publish","type":"post","link":"https:\/\/encuentroinformativo.com.mx\/?p=57102","title":{"rendered":"J\u00e1ltipan preparado para temporada de lluvias, afirma Alcalde"},"content":{"rendered":"\n<p><strong>Dar\u00edo Pale <\/strong><\/p>\n\n\n\n<p>Xalapa, Ver.- En el municipio de J\u00e1ltipan ya se encuentran realizando preparativos para la temporada de lluvias, ciclones y huracanes que pudieran impactar la zona sur del estado, as\u00ed lo dio a conocer el presidente municipal Jes\u00fas Miguel P\u00e9rez Toto.<\/p>\n\n\n\n<p>En entrevista se\u00f1al\u00f3 que, ese municipio ya se encuentra \u00a0preparado para la temporada de lluvias, \u00a0ciclones y huracanes que pudieran impactar en la zona sur.<\/p>\n\n\n\n<p>&#8220;Desde el inicio de la administraci\u00f3n se \u00a0aprob\u00f3 con el cuerpo edilicio la construcci\u00f3n y activaci\u00f3n de un albergue, para estar prevenidos en caso de ser necesario&#8221;, se\u00f1al\u00f3.<\/p>\n\n\n\n<p>El alcalde sure\u00f1o destac\u00f3 que gracias a los informes que la Comisi\u00f3n Nacional del Agua (CONAGUA) y la Secretar\u00eda de Protecci\u00f3n Civil del Estado (SPC) han emitido, el Ayuntamiento a su cargo ha tomado las medidas necesarias para salvaguardar la integridad de cinco comunidades que siempre se ven afectadas por las intensas lluvias.<\/p>\n\n\n\n<p>Explic\u00f3 que alrededor de cinco son las mayormente afectadas, por ello, se habilit\u00f3 un \u00a0albergue en la comunidad de La Lajilla.<\/p>\n\n\n\n<p>&#8220;Con \u00a0esta obra buscamos cuidar la integridad de la poblaci\u00f3n, \u00a0que durante las temporadas de lluvias sufren inundaciones, provocando no tener el resguardo seguro y necesario para ni\u00f1os, ni\u00f1as, hombres, mujeres y adultos mayores&#8221;, coment\u00f3.<\/p>\n\n\n\n<p>Por \u00faltimo cabe se\u00f1alar que el alcalde de J\u00e1ltipan fue invitado por la Secretaria de Turismo en la presentaci\u00f3n \u00a0de la \u00a0\u201cCumbre Olmeca 2024&#8243;, el Esplendor de Mesoam\u00e9rica a realizarse del 30 de agosto al 1ro de septiembre en ese municipio.<\/p>\n","protected":false},"excerpt":{"rendered":"<p>Dar\u00edo Pale Xalapa, Ver.- En el municipio de J\u00e1ltipan ya se encuentran realizando preparativos para la temporada de lluvias, ciclones y huracanes que pudieran impactar la zona sur del estado, as\u00ed lo dio a conocer el presidente municipal Jes\u00fas Miguel P\u00e9rez Toto. En entrevista se\u00f1al\u00f3 que, ese municipio ya se encuentra \u00a0preparado para la temporada [&hellip;]<\/p>\n","protected":false},"author":2476,"featured_media":57103,"comment_status":"open","ping_status":"open","sticky":false,"template":"","format":"standard","meta":{"_jetpack_memberships_contains_paid_content":false,"footnotes":""},"categories":[2],"tags":[],"class_list":["post-57102","post","type-post","status-publish","format-standard","has-post-thumbnail","hentry","category-estado"],"jetpack_featured_media_url":"https:\/\/encuentroinformativo.com.mx\/wp-content\/uploads\/2024\/07\/IMG-20240730-WA0065.jpg","jetpack_sharing_enabled":true,"jetpack_likes_enabled":true,"amp_enabled":true,"_links":{"self":[{"href":"https:\/\/encuentroinformativo.com.mx\/index.php?rest_route=\/wp\/v2\/posts\/57102","targetHints":{"allow":["GET"]}}],"collection":[{"href":"https:\/\/encuentroinformativo.com.mx\/index.php?rest_route=\/wp\/v2\/posts"}],"about":[{"href":"https:\/\/encuentroinformativo.com.mx\/index.php?rest_route=\/wp\/v2\/types\/post"}],"author":[{"embeddable":true,"href":"https:\/\/encuentroinformativo.com.mx\/index.php?rest_route=\/wp\/v2\/users\/2476"}],"replies":[{"embeddable":true,"href":"https:\/\/encuentroinformativo.com.mx\/index.php?rest_route=%2Fwp%2Fv2%2Fcomments&post=57102"}],"version-history":[{"count":1,"href":"https:\/\/encuentroinformativo.com.mx\/index.php?rest_route=\/wp\/v2\/posts\/57102\/revisions"}],"predecessor-version":[{"id":57104,"href":"https:\/\/encuentroinformativo.com.mx\/index.php?rest_route=\/wp\/v2\/posts\/57102\/revisions\/57104"}],"wp:featuredmedia":[{"embeddable":true,"href":"https:\/\/encuentroinformativo.com.mx\/index.php?rest_route=\/wp\/v2\/media\/57103"}],"wp:attachment":[{"href":"https:\/\/encuentroinformativo.com.mx\/index.php?rest_route=%2Fwp%2Fv2%2Fmedia&parent=57102"}],"wp:term":[{"taxonomy":"category","embeddable":true,"href":"https:\/\/encuentroinformativo.com.mx\/index.php?rest_route=%2Fwp%2Fv2%2Fcategories&post=57102"},{"taxonomy":"post_tag","embeddable":true,"href":"https:\/\/encuentroinformativo.com.mx\/index.php?rest_route=%2Fwp%2Fv2%2Ftags&post=57102"}],"curies":[{"name":"wp","href":"https:\/\/api.w.org\/{rel}","templated":true}]}}