{"id":57138,"date":"2024-08-01T14:26:02","date_gmt":"2024-08-01T20:26:02","guid":{"rendered":"https:\/\/encuentroinformativo.com.mx\/?p=57138"},"modified":"2024-08-01T14:26:07","modified_gmt":"2024-08-01T20:26:07","slug":"convocan-evangelicos-a-oracion-masiva-por-autoridades","status":"publish","type":"post","link":"https:\/\/encuentroinformativo.com.mx\/?p=57138","title":{"rendered":"Convocan evang\u00e9licos a oraci\u00f3n masiva por autoridades"},"content":{"rendered":"\n<p><strong>Dar\u00edo Pale <\/strong><\/p>\n\n\n\n<p>Xalapa, Ver.- El presidente de la Red Evang\u00e9lica, Guillermo Trujillo \u00c1lvarez, dio a conocer que la comunidad evang\u00e9lica de Veracruz llevar\u00e1n a cabo un evento masivo, con m\u00e1s de 15 mil evang\u00e9licos, para orar por las nuevas autoridades, por el nuevo gobierno de Roc\u00edo Nahle.<\/p>\n\n\n\n<p>En conferencia de prensa, expres\u00f3 que est\u00e1n buscando que las autoridades se acerquen a Dios.<\/p>\n\n\n\n<p>&#8220;Estamos llamando a la reconciliaci\u00f3n y a la paz. Si ellos (el Gobierno) quieren respeto, les pedimos respeto, a nuestra comunidad, a nuestra f\u00e9 y a nuestra creencia&#8221;, asever\u00f3 y adelant\u00f3 que invitar\u00e1n a la nueva gobernadora, al nuevo alcalde de Xalapa, diputados, entre otros.<\/p>\n\n\n\n<p>Trujillo \u00c1lvarez expuso que quieren que vean que Dios existe y que hay gente que ama a Dios y que lo sigue.<\/p>\n\n\n\n<p>&#8220;Que nos vean como un brazo de apoyo a la sociedad, a su trabajo&#8221;, a\u00f1adi\u00f3.<\/p>\n\n\n\n<p>Por su parte, el productor del evento, Marco Tulio Carrancosa, manifest\u00f3 que est\u00e1n convencidos que este es un tiempo de transformaci\u00f3n, por lo que el evento masivo busca la transformaci\u00f3n espiritual, la proclamaci\u00f3n de buenas noticias.<\/p>\n\n\n\n<p>Destac\u00f3 que Miel San Marcos es uno de los grupos con mayor convocatoria, es el grupo cristiano hispano de mayor convocatoria en el Continente Americano y pr\u00f3ximamente en Europa.<\/p>\n\n\n\n<p>Manifest\u00f3 que el reflejo de la unidad convocada por Trujillo \u00c1lvarez se refleja en la convocatoria de diversos pastores evang\u00e9licos de Xalapa y la regi\u00f3n.<\/p>\n\n\n\n<p>&#8220;Queremos que nos honre con su presencia la gobernadora Nahle, a quien desde ya le felicitamos por el triunfo, pero tambi\u00e9n tendr\u00e1 una gran tarea que es gobernar&#8221;, asever\u00f3.<\/p>\n\n\n\n<p>En ese sentido, afirm\u00f3 que va a necesitar de muchos y muchas, por eso la Iglesia le extiende su apoyo.<\/p>\n\n\n\n<p>&#8220;Nosotros somos agentes de cambio y nuestro apoyo no est\u00e1 condicionado a temas econ\u00f3micos o a temas de intereses personales, porque el apoyo de la Iglesia siempre es honesto y sincero&#8221;, sostuvo.<\/p>\n\n\n\n<p>Lo \u00fanico que piden es que el Gobierno tambi\u00e9n escuche.<\/p>\n","protected":false},"excerpt":{"rendered":"<p>Dar\u00edo Pale Xalapa, Ver.- El presidente de la Red Evang\u00e9lica, Guillermo Trujillo \u00c1lvarez, dio a conocer que la comunidad evang\u00e9lica de Veracruz llevar\u00e1n a cabo un evento masivo, con m\u00e1s de 15 mil evang\u00e9licos, para orar por las nuevas autoridades, por el nuevo gobierno de Roc\u00edo Nahle. En conferencia de prensa, expres\u00f3 que est\u00e1n buscando [&hellip;]<\/p>\n","protected":false},"author":2476,"featured_media":57139,"comment_status":"open","ping_status":"open","sticky":false,"template":"","format":"standard","meta":{"_jetpack_memberships_contains_paid_content":false,"footnotes":""},"categories":[3],"tags":[],"class_list":["post-57138","post","type-post","status-publish","format-standard","has-post-thumbnail","hentry","category-xalapa"],"jetpack_featured_media_url":"https:\/\/encuentroinformativo.com.mx\/wp-content\/uploads\/2024\/08\/IMG-20240801-WA00212.jpg","jetpack_sharing_enabled":true,"jetpack_likes_enabled":true,"amp_enabled":true,"_links":{"self":[{"href":"https:\/\/encuentroinformativo.com.mx\/index.php?rest_route=\/wp\/v2\/posts\/57138","targetHints":{"allow":["GET"]}}],"collection":[{"href":"https:\/\/encuentroinformativo.com.mx\/index.php?rest_route=\/wp\/v2\/posts"}],"about":[{"href":"https:\/\/encuentroinformativo.com.mx\/index.php?rest_route=\/wp\/v2\/types\/post"}],"author":[{"embeddable":true,"href":"https:\/\/encuentroinformativo.com.mx\/index.php?rest_route=\/wp\/v2\/users\/2476"}],"replies":[{"embeddable":true,"href":"https:\/\/encuentroinformativo.com.mx\/index.php?rest_route=%2Fwp%2Fv2%2Fcomments&post=57138"}],"version-history":[{"count":1,"href":"https:\/\/encuentroinformativo.com.mx\/index.php?rest_route=\/wp\/v2\/posts\/57138\/revisions"}],"predecessor-version":[{"id":57140,"href":"https:\/\/encuentroinformativo.com.mx\/index.php?rest_route=\/wp\/v2\/posts\/57138\/revisions\/57140"}],"wp:featuredmedia":[{"embeddable":true,"href":"https:\/\/encuentroinformativo.com.mx\/index.php?rest_route=\/wp\/v2\/media\/57139"}],"wp:attachment":[{"href":"https:\/\/encuentroinformativo.com.mx\/index.php?rest_route=%2Fwp%2Fv2%2Fmedia&parent=57138"}],"wp:term":[{"taxonomy":"category","embeddable":true,"href":"https:\/\/encuentroinformativo.com.mx\/index.php?rest_route=%2Fwp%2Fv2%2Fcategories&post=57138"},{"taxonomy":"post_tag","embeddable":true,"href":"https:\/\/encuentroinformativo.com.mx\/index.php?rest_route=%2Fwp%2Fv2%2Ftags&post=57138"}],"curies":[{"name":"wp","href":"https:\/\/api.w.org\/{rel}","templated":true}]}}