{"id":57141,"date":"2024-08-01T14:37:40","date_gmt":"2024-08-01T20:37:40","guid":{"rendered":"https:\/\/encuentroinformativo.com.mx\/?p=57141"},"modified":"2024-08-01T14:37:46","modified_gmt":"2024-08-01T20:37:46","slug":"con-protestas-ajupiv-mantiene-reclamo-de-pagos-pendientes","status":"publish","type":"post","link":"https:\/\/encuentroinformativo.com.mx\/?p=57141","title":{"rendered":"Con protestas, AJUPIV mantiene reclamo de pagos pendientes"},"content":{"rendered":"\n<p><strong>Dar\u00edo Pale <\/strong><\/p>\n\n\n\n<p>Xalapa, Ver.- Con la finalidad de continuar exigiendo el pago del seguro institucional el cual les adeudan desde el 2021 los integrantes de la Asociaci\u00f3n de Jubilados y Pensionados del ISSSTE de Veracruz (AJUPIV) cerraron la calle de Enr\u00edquez.<\/p>\n\n\n\n<p>Al respecto, Calixto Azuara, miembro fundador, pidi\u00f3 a la gobernadora electa, Roc\u00edo Nahle que replantee la ratificaci\u00f3n de Jos\u00e9 Luis Lima Franco como secretario de Finanzas y Planeaci\u00f3n.<\/p>\n\n\n\n<p>Lo anterior, luego de que el funcionario negara en una entrevista a la prensa, que pagar\u00eda el seguro institucional a los jubilados.<\/p>\n\n\n\n<p>\u201cEstamos consternados y rabiosos de la declaraci\u00f3n, no dijo lo que nos dijo, \u00e9ramos m\u00e1s de 20 maestros jubilados, estuvimos con \u00e9l, dice que no tenemos derecho al seguro y que no nos dijo eso, tenemos un audio en el que de viva voz se compromete a pagar el seguro y adeudos anteriores, y su declaraci\u00f3n desconcierta y molesta\u201d, indic\u00f3.<\/p>\n\n\n\n<p>Reproch\u00f3 tambi\u00e9n que en una entrevista, Lima Franco admiti\u00f3 que recibi\u00f3 la Tesorer\u00eda del Gobierno del Estado con 46 mil millones de pesos en deuda y que \u00e9l la dejar\u00eda en 66 mil millones de pesos.<\/p>\n\n\n\n<p>Y es que asegur\u00f3 que el desempe\u00f1o del secretario no ha sido ni austero ni honrado en el manejo de los recursos p\u00fablicos.<\/p>\n\n\n\n<p>Por \u00faltimo, precis\u00f3 que continuar\u00e1n exigiendo la recontrataci\u00f3n del seguro de vida para los jubilados y con la petici\u00f3n del pago de adeudos.<\/p>\n\n\n\n<figure class=\"wp-block-image size-large\"><img loading=\"lazy\" decoding=\"async\" width=\"1024\" height=\"768\" src=\"https:\/\/encuentroinformativo.com.mx\/wp-content\/uploads\/2024\/08\/1000355230-1024x768.jpg\" alt=\"\" class=\"wp-image-57143\" srcset=\"https:\/\/encuentroinformativo.com.mx\/wp-content\/uploads\/2024\/08\/1000355230-1024x768.jpg 1024w, https:\/\/encuentroinformativo.com.mx\/wp-content\/uploads\/2024\/08\/1000355230-300x225.jpg 300w, https:\/\/encuentroinformativo.com.mx\/wp-content\/uploads\/2024\/08\/1000355230-768x576.jpg 768w, https:\/\/encuentroinformativo.com.mx\/wp-content\/uploads\/2024\/08\/1000355230-1536x1152.jpg 1536w, https:\/\/encuentroinformativo.com.mx\/wp-content\/uploads\/2024\/08\/1000355230.jpg 1600w\" sizes=\"auto, (max-width: 1024px) 100vw, 1024px\" \/><\/figure>\n","protected":false},"excerpt":{"rendered":"<p>Dar\u00edo Pale Xalapa, Ver.- Con la finalidad de continuar exigiendo el pago del seguro institucional el cual les adeudan desde el 2021 los integrantes de la Asociaci\u00f3n de Jubilados y Pensionados del ISSSTE de Veracruz (AJUPIV) cerraron la calle de Enr\u00edquez. Al respecto, Calixto Azuara, miembro fundador, pidi\u00f3 a la gobernadora electa, Roc\u00edo Nahle que [&hellip;]<\/p>\n","protected":false},"author":2476,"featured_media":57142,"comment_status":"open","ping_status":"open","sticky":false,"template":"","format":"standard","meta":{"_jetpack_memberships_contains_paid_content":false,"footnotes":""},"categories":[3],"tags":[],"class_list":["post-57141","post","type-post","status-publish","format-standard","has-post-thumbnail","hentry","category-xalapa"],"jetpack_featured_media_url":"https:\/\/encuentroinformativo.com.mx\/wp-content\/uploads\/2024\/08\/IMG-20240801-WA00372.jpg","jetpack_sharing_enabled":true,"jetpack_likes_enabled":true,"amp_enabled":true,"_links":{"self":[{"href":"https:\/\/encuentroinformativo.com.mx\/index.php?rest_route=\/wp\/v2\/posts\/57141","targetHints":{"allow":["GET"]}}],"collection":[{"href":"https:\/\/encuentroinformativo.com.mx\/index.php?rest_route=\/wp\/v2\/posts"}],"about":[{"href":"https:\/\/encuentroinformativo.com.mx\/index.php?rest_route=\/wp\/v2\/types\/post"}],"author":[{"embeddable":true,"href":"https:\/\/encuentroinformativo.com.mx\/index.php?rest_route=\/wp\/v2\/users\/2476"}],"replies":[{"embeddable":true,"href":"https:\/\/encuentroinformativo.com.mx\/index.php?rest_route=%2Fwp%2Fv2%2Fcomments&post=57141"}],"version-history":[{"count":1,"href":"https:\/\/encuentroinformativo.com.mx\/index.php?rest_route=\/wp\/v2\/posts\/57141\/revisions"}],"predecessor-version":[{"id":57144,"href":"https:\/\/encuentroinformativo.com.mx\/index.php?rest_route=\/wp\/v2\/posts\/57141\/revisions\/57144"}],"wp:featuredmedia":[{"embeddable":true,"href":"https:\/\/encuentroinformativo.com.mx\/index.php?rest_route=\/wp\/v2\/media\/57142"}],"wp:attachment":[{"href":"https:\/\/encuentroinformativo.com.mx\/index.php?rest_route=%2Fwp%2Fv2%2Fmedia&parent=57141"}],"wp:term":[{"taxonomy":"category","embeddable":true,"href":"https:\/\/encuentroinformativo.com.mx\/index.php?rest_route=%2Fwp%2Fv2%2Fcategories&post=57141"},{"taxonomy":"post_tag","embeddable":true,"href":"https:\/\/encuentroinformativo.com.mx\/index.php?rest_route=%2Fwp%2Fv2%2Ftags&post=57141"}],"curies":[{"name":"wp","href":"https:\/\/api.w.org\/{rel}","templated":true}]}}