{"id":57145,"date":"2024-08-01T14:50:02","date_gmt":"2024-08-01T20:50:02","guid":{"rendered":"https:\/\/encuentroinformativo.com.mx\/?p=57145"},"modified":"2024-08-01T14:50:02","modified_gmt":"2024-08-01T20:50:02","slug":"demandan-justicia-para-mary-carmen-agredida-con-acido","status":"publish","type":"post","link":"https:\/\/encuentroinformativo.com.mx\/?p=57145","title":{"rendered":"Demandan justicia para Mary Carmen, agredida con \u00e1cido"},"content":{"rendered":"\n<p><strong>Dar\u00edo Pale <\/strong><\/p>\n\n\n\n<p>Xalapa, Ver.- La xalape\u00f1a Mar\u00eda del Carmen fue agredida el 6 de octubre del 2020 por una expareja y otra persona \u201cque se dice ser muy influyente\u201d y no ha obtenido justicia.<\/p>\n\n\n\n<p>En conferencia de prensa se\u00f1alaron que, la violencia \u00e1cida ha estado invisibilizada en el pa\u00eds pese a que a la fecha se sabe de 47 sobrevivientes v\u00edctimas de violencia \u00e1cida.<\/p>\n\n\n\n<p>Marcela Fuentes, diputada de la Ciudad de M\u00e9xico promovente de la iniciativa de Ley Malena, dijo que es necesario tiene un padr\u00f3n de las v\u00edctimas y la reparaci\u00f3n del da\u00f1o.<\/p>\n\n\n\n<p>Ayer, el Pleno del Congreso de Veracruz aprob\u00f3 la tipificaci\u00f3n del delito de violencia \u00e1cida por raz\u00f3n de g\u00e9nero, denominada \u201cLey Malena\u201d, con la cual se busca castigar a quienes realicen ataques directos hacia una persona con \u00e1cido, sustancias qu\u00edmicas o corrosivas.<\/p>\n\n\n\n<p>\u201cQueremos decirles que hoy d\u00eda contamos con una cifra de 47 sobrevivientes v\u00edctimas de violencia \u00e1cida que han sido quemadas con sustancias qu\u00edmicas o corrosivas. El caso m\u00e1s medi\u00e1tico ha sido el de Mar\u00eda Elena R\u00edos, pero aqu\u00ed tenemos acompa\u00f1\u00e1ndonos, y que tambi\u00e9n estuvo ayer en la presentaci\u00f3n de la iniciativa de ley que tipifica estos ataques como tentativa de feminicidio, la activista Carmen M\u00e1rquez, originaria de Veracruz\u201d, inform\u00f3 en la conferencia.<\/p>\n\n\n\n<p>Dijo que, lo que es indignante es que haya compa\u00f1eras que se convocan cada d\u00eda para pedir justicia y est\u00e9n siendo revictimizadas en cada uno de sus casos por el Poder Judicial.<\/p>\n\n\n\n<p>Por otra parte Carmen dijo que, &#8220;ellos dicen que no los voy a poder tocar, que nunca les voy a poder hacer nada porque tienen personas bastante influyentes junto a ellos, que realmente yo no soy nadie y que no voy a poder hacer nada. Pero quiero que sepan que yo no me voy a rendir, que yo voy a estar aqu\u00ed y dicen que no les voy a poder hacer nada\u201d.<\/p>\n\n\n\n<p>Cabe recordar que la agresi\u00f3n se dio en la colonia Moctezuma, cuando iba saliendo de su trabajo de entonces en Plaza Am\u00e9ricas y llegaba a su domicilio, cuando una persona entre la oscuridad le arroj\u00f3 el contenido de un frasco que parec\u00eda sosa c\u00e1ustica.<\/p>\n\n\n\n<p>\u201cYo trabajaba en Plaza Am\u00e9ricas, iba llegando de mi trabajo, 9:45 aproximadamente de la noche y muy cobardemente me sali\u00f3 de entre la oscuridad y me arroj\u00f3 el contenido de un frasco que aparentemente era sosa caustica. En ese momento yo cre\u00ed que iba a morir. Les soy sincera, en la vida hab\u00eda sentido tanto dolor como ese d\u00eda\u201d, se\u00f1al\u00f3.<\/p>\n\n\n\n<p>Despu\u00e9s de esto, dej\u00f3 de trabajar porque estuvo internada dos meses en el hospital de Veracruz y sus hijos tuvieron que dejar la escuela.<\/p>\n\n\n\n<p>\u201cAfecta tambi\u00e9n a mis hijos porque inmediatamente tuvieron que dejar la escuela, porque inmediatamente este cambio de quedarse sin madre porque estuve internada dos meses en el hospital de Veracruz. Desgraciadamente todo eso crea la zozobra de que a lo mejor no vamos a sobrevivir a una de las tantas cirug\u00edas\u201d, coment\u00f3.<\/p>\n\n\n\n<p>Mar\u00eda del Carmen lleva aproximadamente 15 cirug\u00edas, y en todas siempre existe el riesgo de no despertar.\u00a0<\/p>\n\n\n\n<p>\u201cPara nosotras la justicia es una utop\u00eda todav\u00eda porque seguimos creyendo en la justicia y desgraciadamente la justicia no nos respalda, nos est\u00e1 dejando solas, nos est\u00e1 dejando morir. En mi caso no hay nada, el presunto agresor, ni siquiera lo han mandado traer, a las personas que yo denunci\u00e9 ni siquiera las han citado ni han hecho los peritajes correspondientes, a m\u00ed me deja pensar que hay conflicto de inter\u00e9s hacia otras personas\u201d, acuso.<\/p>\n\n\n\n<p>Sostuvo que, en todo el proceso, adem\u00e1s, ha lidiado con tratamientos bastante costosos, lo mismo que cirug\u00edas dolorosas y costosas.<\/p>\n\n\n\n<p>\u201cSon tratamientos que no lo pueden imaginar, s\u00ed, lo dolorosos que son para nosotras. El que ahora para Veracruz cuente con esta Ley Malena, lo que nos hacen nosotras las v\u00edctimas es tener un poquito de fe y que vamos a conseguir un poco de justicia. Justicia porque pareciera que las v\u00edctimas es lo \u00faltimo que merecemos&#8221;, inform\u00f3.<\/p>\n\n\n\n<p>Por \u00faltimo dijo que, &#8220;como no morimos, desgraciadamente se cree que, pues funcionamos, caminamos, corremos, hablamos, escuchamos, o sea, creen que ya por eso no merecen justicia, pero ciertamente no son lesiones. Yo llevo cuatro a\u00f1os y desgraciadamente este caso no nada m\u00e1s afect\u00f3 a m\u00ed\u201d.<\/p>\n","protected":false},"excerpt":{"rendered":"<p>Dar\u00edo Pale Xalapa, Ver.- La xalape\u00f1a Mar\u00eda del Carmen fue agredida el 6 de octubre del 2020 por una expareja y otra persona \u201cque se dice ser muy influyente\u201d y no ha obtenido justicia. En conferencia de prensa se\u00f1alaron que, la violencia \u00e1cida ha estado invisibilizada en el pa\u00eds pese a que a la fecha [&hellip;]<\/p>\n","protected":false},"author":2476,"featured_media":57146,"comment_status":"open","ping_status":"open","sticky":false,"template":"","format":"standard","meta":{"_jetpack_memberships_contains_paid_content":false,"footnotes":""},"categories":[3],"tags":[],"class_list":["post-57145","post","type-post","status-publish","format-standard","has-post-thumbnail","hentry","category-xalapa"],"jetpack_featured_media_url":"https:\/\/encuentroinformativo.com.mx\/wp-content\/uploads\/2024\/08\/IMG-20240801-WA00712.jpg","jetpack_sharing_enabled":true,"jetpack_likes_enabled":true,"amp_enabled":true,"_links":{"self":[{"href":"https:\/\/encuentroinformativo.com.mx\/index.php?rest_route=\/wp\/v2\/posts\/57145","targetHints":{"allow":["GET"]}}],"collection":[{"href":"https:\/\/encuentroinformativo.com.mx\/index.php?rest_route=\/wp\/v2\/posts"}],"about":[{"href":"https:\/\/encuentroinformativo.com.mx\/index.php?rest_route=\/wp\/v2\/types\/post"}],"author":[{"embeddable":true,"href":"https:\/\/encuentroinformativo.com.mx\/index.php?rest_route=\/wp\/v2\/users\/2476"}],"replies":[{"embeddable":true,"href":"https:\/\/encuentroinformativo.com.mx\/index.php?rest_route=%2Fwp%2Fv2%2Fcomments&post=57145"}],"version-history":[{"count":1,"href":"https:\/\/encuentroinformativo.com.mx\/index.php?rest_route=\/wp\/v2\/posts\/57145\/revisions"}],"predecessor-version":[{"id":57148,"href":"https:\/\/encuentroinformativo.com.mx\/index.php?rest_route=\/wp\/v2\/posts\/57145\/revisions\/57148"}],"wp:featuredmedia":[{"embeddable":true,"href":"https:\/\/encuentroinformativo.com.mx\/index.php?rest_route=\/wp\/v2\/media\/57146"}],"wp:attachment":[{"href":"https:\/\/encuentroinformativo.com.mx\/index.php?rest_route=%2Fwp%2Fv2%2Fmedia&parent=57145"}],"wp:term":[{"taxonomy":"category","embeddable":true,"href":"https:\/\/encuentroinformativo.com.mx\/index.php?rest_route=%2Fwp%2Fv2%2Fcategories&post=57145"},{"taxonomy":"post_tag","embeddable":true,"href":"https:\/\/encuentroinformativo.com.mx\/index.php?rest_route=%2Fwp%2Fv2%2Ftags&post=57145"}],"curies":[{"name":"wp","href":"https:\/\/api.w.org\/{rel}","templated":true}]}}