{"id":57161,"date":"2024-08-01T17:29:55","date_gmt":"2024-08-01T23:29:55","guid":{"rendered":"https:\/\/encuentroinformativo.com.mx\/?p=57161"},"modified":"2024-08-01T17:30:01","modified_gmt":"2024-08-01T23:30:01","slug":"rendira-gobernador-ultimo-informe-el-18-de-agosto","status":"publish","type":"post","link":"https:\/\/encuentroinformativo.com.mx\/?p=57161","title":{"rendered":"Rendir\u00e1 Gobernador \u00faltimo informe el 18  de agosto"},"content":{"rendered":"\n<p><strong>Dar\u00edo Pale <\/strong><\/p>\n\n\n\n<p>Xalapa, Ver.- El sexto y \u00faltimo \u201cInforme de labores\u201d ser\u00e1 el pr\u00f3ximo domingo 18 de agosto en la ciudad de Veracruz, as\u00ed lo dio a conocer el gobernador Cuitl\u00e1huac Garc\u00eda Jim\u00e9nez.<\/p>\n\n\n\n<p>En entrevista aclar\u00f3 que ser\u00e1 un \u201cinforme de resultados\u201d, el cual como cada a\u00f1o da cuenta a la poblaci\u00f3n de la situaci\u00f3n de la administraci\u00f3n estatal.<\/p>\n\n\n\n<p>El gobernador Cuitl\u00e1huac Garc\u00eda Jim\u00e9nez, lanz\u00f3 una invitaci\u00f3n a los\u00a0ciudadanos a seguir el informe, donde dar\u00e1 a conocer los avances de su gesti\u00f3n en este \u00faltimo a\u00f1o.<\/p>\n\n\n\n<p>\u201cLos invito para el 18 de agosto, vamos a dar un informe de resultados el domingo; les estoy diciendo que voy a dar un\u00a0 preinforme de resultados, va a ser aqu\u00ed en Veracruz\u201d, se\u00f1al\u00f3.<\/p>\n\n\n\n<p>Cabe recordar, que sus primeros dos informes fueron en la capital veracruzana, el tercero fue en Tlacotalpan, el cuarto en P\u00e1nuco y el quinto en Perote, por lo que el sexto y \u00faltimo decidi\u00f3 que sea en la ciudad de Veracruz.<\/p>\n\n\n\n<p>Finalmente, a pregunta expresa sobre si solicitar\u00e1 licencia al encargo para incluirse en el equipo de Claudia Sheinbaum y en ese caso quien los sustituir\u00eda, dej\u00f3 en claro que \u201cno est\u00e1 pensando en eso\u201d.<\/p>\n","protected":false},"excerpt":{"rendered":"<p>Dar\u00edo Pale Xalapa, Ver.- El sexto y \u00faltimo \u201cInforme de labores\u201d ser\u00e1 el pr\u00f3ximo domingo 18 de agosto en la ciudad de Veracruz, as\u00ed lo dio a conocer el gobernador Cuitl\u00e1huac Garc\u00eda Jim\u00e9nez. En entrevista aclar\u00f3 que ser\u00e1 un \u201cinforme de resultados\u201d, el cual como cada a\u00f1o da cuenta a la poblaci\u00f3n de la situaci\u00f3n [&hellip;]<\/p>\n","protected":false},"author":2476,"featured_media":57162,"comment_status":"open","ping_status":"open","sticky":false,"template":"","format":"standard","meta":{"_jetpack_memberships_contains_paid_content":false,"footnotes":""},"categories":[2],"tags":[],"class_list":["post-57161","post","type-post","status-publish","format-standard","has-post-thumbnail","hentry","category-estado"],"jetpack_featured_media_url":"https:\/\/encuentroinformativo.com.mx\/wp-content\/uploads\/2024\/08\/IMG-20240801-WA0088.jpg","jetpack_sharing_enabled":true,"jetpack_likes_enabled":true,"amp_enabled":true,"_links":{"self":[{"href":"https:\/\/encuentroinformativo.com.mx\/index.php?rest_route=\/wp\/v2\/posts\/57161","targetHints":{"allow":["GET"]}}],"collection":[{"href":"https:\/\/encuentroinformativo.com.mx\/index.php?rest_route=\/wp\/v2\/posts"}],"about":[{"href":"https:\/\/encuentroinformativo.com.mx\/index.php?rest_route=\/wp\/v2\/types\/post"}],"author":[{"embeddable":true,"href":"https:\/\/encuentroinformativo.com.mx\/index.php?rest_route=\/wp\/v2\/users\/2476"}],"replies":[{"embeddable":true,"href":"https:\/\/encuentroinformativo.com.mx\/index.php?rest_route=%2Fwp%2Fv2%2Fcomments&post=57161"}],"version-history":[{"count":1,"href":"https:\/\/encuentroinformativo.com.mx\/index.php?rest_route=\/wp\/v2\/posts\/57161\/revisions"}],"predecessor-version":[{"id":57163,"href":"https:\/\/encuentroinformativo.com.mx\/index.php?rest_route=\/wp\/v2\/posts\/57161\/revisions\/57163"}],"wp:featuredmedia":[{"embeddable":true,"href":"https:\/\/encuentroinformativo.com.mx\/index.php?rest_route=\/wp\/v2\/media\/57162"}],"wp:attachment":[{"href":"https:\/\/encuentroinformativo.com.mx\/index.php?rest_route=%2Fwp%2Fv2%2Fmedia&parent=57161"}],"wp:term":[{"taxonomy":"category","embeddable":true,"href":"https:\/\/encuentroinformativo.com.mx\/index.php?rest_route=%2Fwp%2Fv2%2Fcategories&post=57161"},{"taxonomy":"post_tag","embeddable":true,"href":"https:\/\/encuentroinformativo.com.mx\/index.php?rest_route=%2Fwp%2Fv2%2Ftags&post=57161"}],"curies":[{"name":"wp","href":"https:\/\/api.w.org\/{rel}","templated":true}]}}