{"id":57188,"date":"2024-08-02T15:44:32","date_gmt":"2024-08-02T21:44:32","guid":{"rendered":"https:\/\/encuentroinformativo.com.mx\/?p=57188"},"modified":"2024-08-02T15:44:38","modified_gmt":"2024-08-02T21:44:38","slug":"halcones-rojos-de-veracruz-inicia-colecta-en-conjunto-con-banco-de-alimentos","status":"publish","type":"post","link":"https:\/\/encuentroinformativo.com.mx\/?p=57188","title":{"rendered":"Halcones Rojos de Veracruz inicia colecta en conjunto con Banco de Alimentos"},"content":{"rendered":"\n<p><strong>Alejandro \u00c1vila<\/strong><\/p>\n\n\n\n<p>Veracruz, Ver.- El equipo de basquetbol Halcones Rojos de Veracruz en conjunto con el Banco de Alimentos inician una colecta para obtener v\u00edveres durante este fin de semana.<\/p>\n\n\n\n<p>Para participar, los aficionados al b\u00e1squetbol que deseen asistir a los juegos de los Halcones Rojos este s\u00e1bado 3 y domingo 4 de agosto, obtendr\u00e1n un boleto a cambio de su donaci\u00f3n.<\/p>\n\n\n\n<p>Con la entrega de dos kilos de arroz, az\u00facar, frijol, lentejas, tres latas de at\u00fan o dos aceites para comer, recibir\u00e1n una entrada de acceso general para el pr\u00f3ximo duelo del equipo de Veracruz contra Correcaminos.<\/p>\n\n\n\n<p>Las donaciones y el canje de boletos se realizar\u00e1n a un costado de la taquilla del Auditorio Benito Ju\u00e1rez los d\u00edas viernes 2 y s\u00e1bado 3 de agosto, en horario de 12:00 a 2:00 de la tarde.<\/p>\n\n\n\n<p>La asociaci\u00f3n civil Banco de Alimentos Veracruz es una organizaci\u00f3n sin fines de lucro dedicada a reducir el hambre y la desnutrici\u00f3n en la zona centro del estado, distribuyendo productos alimenticios donados a personas necesitadas.<\/p>\n","protected":false},"excerpt":{"rendered":"<p>Alejandro \u00c1vila Veracruz, Ver.- El equipo de basquetbol Halcones Rojos de Veracruz en conjunto con el Banco de Alimentos inician una colecta para obtener v\u00edveres durante este fin de semana. Para participar, los aficionados al b\u00e1squetbol que deseen asistir a los juegos de los Halcones Rojos este s\u00e1bado 3 y domingo 4 de agosto, obtendr\u00e1n [&hellip;]<\/p>\n","protected":false},"author":2476,"featured_media":57189,"comment_status":"open","ping_status":"open","sticky":false,"template":"","format":"standard","meta":{"_jetpack_memberships_contains_paid_content":false,"footnotes":""},"categories":[2],"tags":[],"class_list":["post-57188","post","type-post","status-publish","format-standard","has-post-thumbnail","hentry","category-estado"],"jetpack_featured_media_url":"https:\/\/encuentroinformativo.com.mx\/wp-content\/uploads\/2024\/08\/IMG-20240802-WA00432.jpg","jetpack_sharing_enabled":true,"jetpack_likes_enabled":true,"amp_enabled":true,"_links":{"self":[{"href":"https:\/\/encuentroinformativo.com.mx\/index.php?rest_route=\/wp\/v2\/posts\/57188","targetHints":{"allow":["GET"]}}],"collection":[{"href":"https:\/\/encuentroinformativo.com.mx\/index.php?rest_route=\/wp\/v2\/posts"}],"about":[{"href":"https:\/\/encuentroinformativo.com.mx\/index.php?rest_route=\/wp\/v2\/types\/post"}],"author":[{"embeddable":true,"href":"https:\/\/encuentroinformativo.com.mx\/index.php?rest_route=\/wp\/v2\/users\/2476"}],"replies":[{"embeddable":true,"href":"https:\/\/encuentroinformativo.com.mx\/index.php?rest_route=%2Fwp%2Fv2%2Fcomments&post=57188"}],"version-history":[{"count":1,"href":"https:\/\/encuentroinformativo.com.mx\/index.php?rest_route=\/wp\/v2\/posts\/57188\/revisions"}],"predecessor-version":[{"id":57190,"href":"https:\/\/encuentroinformativo.com.mx\/index.php?rest_route=\/wp\/v2\/posts\/57188\/revisions\/57190"}],"wp:featuredmedia":[{"embeddable":true,"href":"https:\/\/encuentroinformativo.com.mx\/index.php?rest_route=\/wp\/v2\/media\/57189"}],"wp:attachment":[{"href":"https:\/\/encuentroinformativo.com.mx\/index.php?rest_route=%2Fwp%2Fv2%2Fmedia&parent=57188"}],"wp:term":[{"taxonomy":"category","embeddable":true,"href":"https:\/\/encuentroinformativo.com.mx\/index.php?rest_route=%2Fwp%2Fv2%2Fcategories&post=57188"},{"taxonomy":"post_tag","embeddable":true,"href":"https:\/\/encuentroinformativo.com.mx\/index.php?rest_route=%2Fwp%2Fv2%2Ftags&post=57188"}],"curies":[{"name":"wp","href":"https:\/\/api.w.org\/{rel}","templated":true}]}}