{"id":57195,"date":"2024-08-02T16:06:04","date_gmt":"2024-08-02T22:06:04","guid":{"rendered":"https:\/\/encuentroinformativo.com.mx\/?p=57195"},"modified":"2024-08-02T16:06:09","modified_gmt":"2024-08-02T22:06:09","slug":"comunidad-lgbtttiqa-espera-de-proximas-autoridades-avances-en-la-materia","status":"publish","type":"post","link":"https:\/\/encuentroinformativo.com.mx\/?p=57195","title":{"rendered":"Comunidad LGBTTTIQA+ espera de pr\u00f3ximas autoridades avances en la materia"},"content":{"rendered":"\n<p><strong>Dar\u00edo Pale <\/strong><\/p>\n\n\n\n<p>Xalapa, Ver.- El presidente de la Fundaci\u00f3n M\u00e1s Comunidad, Ala\u00edn Jim\u00e9nez Rodr\u00edguez, reproch\u00f3 que en estos seis a\u00f1os del gobierno de Morena no haya habido avances para dicho sector ya que al d\u00eda de hoy se siguen regateando los derechos para la comunidad LGBTTTIQA+ y la discriminaci\u00f3n a\u00fan es mayor.<\/p>\n\n\n\n<p>En entrevista opin\u00f3 que la Cuarta Transformaci\u00f3n no lleg\u00f3 a Veracruz, de manera que s\u00f3lo resta exigir al Congreso del Estado, para que antes de que concluya la actual Legislatura, hagan su trabajo en la creaci\u00f3n de leyes a favor de la comunidad de la diversidad sexual.<\/p>\n\n\n\n<p>Recordo que los principales temas que han pedido que se legisle son: prohibir la discriminaci\u00f3n, penalizar los cr\u00edmenes de odio y prohibir las terapias de conversi\u00f3n.<\/p>\n\n\n\n<p>Ante esta situaci\u00f3n, confi\u00f3 que tanto en los gobiernos de Claudia Sheinbaum Pardo y de Roc\u00edo Nahle Garc\u00eda, se hagan las acciones que durante la administraci\u00f3n de Cuitl\u00e1huac Garc\u00eda no se hicieron en el Estado.<\/p>\n\n\n\n<p>Jim\u00e9nez Rodr\u00edguez reiter\u00f3 su llamado a los diputados locales para que legislen los temas pendientes, pues hoy en d\u00eda, para la comunidad LGTB es dif\u00edcil obtener respeto a sus derechos de igualdad y evitar la discriminaci\u00f3n.<\/p>\n\n\n\n<p>Finalmente en ese sentido, asegur\u00f3 que en Veracruz las autoridades est\u00e1n obligadas a atender la agenda de este sector de la poblaci\u00f3n que ha sido ignorado por a\u00f1os.<\/p>\n","protected":false},"excerpt":{"rendered":"<p>Dar\u00edo Pale Xalapa, Ver.- El presidente de la Fundaci\u00f3n M\u00e1s Comunidad, Ala\u00edn Jim\u00e9nez Rodr\u00edguez, reproch\u00f3 que en estos seis a\u00f1os del gobierno de Morena no haya habido avances para dicho sector ya que al d\u00eda de hoy se siguen regateando los derechos para la comunidad LGBTTTIQA+ y la discriminaci\u00f3n a\u00fan es mayor. En entrevista opin\u00f3 [&hellip;]<\/p>\n","protected":false},"author":2476,"featured_media":57196,"comment_status":"open","ping_status":"open","sticky":false,"template":"","format":"standard","meta":{"_jetpack_memberships_contains_paid_content":false,"footnotes":""},"categories":[2],"tags":[],"class_list":["post-57195","post","type-post","status-publish","format-standard","has-post-thumbnail","hentry","category-estado"],"jetpack_featured_media_url":"https:\/\/encuentroinformativo.com.mx\/wp-content\/uploads\/2024\/08\/IMG-20240802-WA00482.jpg","jetpack_sharing_enabled":true,"jetpack_likes_enabled":true,"amp_enabled":true,"_links":{"self":[{"href":"https:\/\/encuentroinformativo.com.mx\/index.php?rest_route=\/wp\/v2\/posts\/57195","targetHints":{"allow":["GET"]}}],"collection":[{"href":"https:\/\/encuentroinformativo.com.mx\/index.php?rest_route=\/wp\/v2\/posts"}],"about":[{"href":"https:\/\/encuentroinformativo.com.mx\/index.php?rest_route=\/wp\/v2\/types\/post"}],"author":[{"embeddable":true,"href":"https:\/\/encuentroinformativo.com.mx\/index.php?rest_route=\/wp\/v2\/users\/2476"}],"replies":[{"embeddable":true,"href":"https:\/\/encuentroinformativo.com.mx\/index.php?rest_route=%2Fwp%2Fv2%2Fcomments&post=57195"}],"version-history":[{"count":1,"href":"https:\/\/encuentroinformativo.com.mx\/index.php?rest_route=\/wp\/v2\/posts\/57195\/revisions"}],"predecessor-version":[{"id":57197,"href":"https:\/\/encuentroinformativo.com.mx\/index.php?rest_route=\/wp\/v2\/posts\/57195\/revisions\/57197"}],"wp:featuredmedia":[{"embeddable":true,"href":"https:\/\/encuentroinformativo.com.mx\/index.php?rest_route=\/wp\/v2\/media\/57196"}],"wp:attachment":[{"href":"https:\/\/encuentroinformativo.com.mx\/index.php?rest_route=%2Fwp%2Fv2%2Fmedia&parent=57195"}],"wp:term":[{"taxonomy":"category","embeddable":true,"href":"https:\/\/encuentroinformativo.com.mx\/index.php?rest_route=%2Fwp%2Fv2%2Fcategories&post=57195"},{"taxonomy":"post_tag","embeddable":true,"href":"https:\/\/encuentroinformativo.com.mx\/index.php?rest_route=%2Fwp%2Fv2%2Ftags&post=57195"}],"curies":[{"name":"wp","href":"https:\/\/api.w.org\/{rel}","templated":true}]}}