{"id":57200,"date":"2024-08-02T17:58:35","date_gmt":"2024-08-02T23:58:35","guid":{"rendered":"https:\/\/encuentroinformativo.com.mx\/?p=57200"},"modified":"2024-08-02T17:58:42","modified_gmt":"2024-08-02T23:58:42","slug":"ante-inconformidades-issste-declara-desierto-proceso-de-licitacion-para-estancias-infantiles","status":"publish","type":"post","link":"https:\/\/encuentroinformativo.com.mx\/?p=57200","title":{"rendered":"Ante inconformidades, ISSSTE declara desierto proceso de licitaci\u00f3n para estancias infantiles"},"content":{"rendered":"\n<p><strong>Dar\u00edo Pale <\/strong><\/p>\n\n\n\n<p>Xalapa, Ver.- Despu\u00e9s de tres d\u00edas de manifestaci\u00f3n de los padres de familia, el ISSSTE declar\u00f3 desierto el proceso de licitaci\u00f3n de las estancias infantiles 223 y 274, luego de 3 d\u00edas de protestas de derechohabientes en Xalapa.<\/p>\n\n\n\n<p>Los inconformes piden que en el nuevo proceso, al menos se incluyan a tres proveedores y si es adjudicaci\u00f3n directa, el proveedor tenga experiencia y capacidad para brindar el servicio, &#8220;estamos esperando el proceso de licitaci\u00f3n&#8221;.<\/p>\n\n\n\n<p>Lo anterior se les inform\u00f3 a las madres y padres de familia que desde el pasado martes ven\u00edan realizando acciones de protesta, c\u00f3mo la toma de las oficinas de la Representaci\u00f3n Estatal del ISSSTE y bloqueos de la Avenida Xalapa, al considerar la existencia de presuntas irregularidades en dicho proceso.<\/p>\n\n\n\n<p>Consideraron falta de transparencia en la licitaci\u00f3n nacional, al no tomar en consideraci\u00f3n el CENDI que por 27 a\u00f1os ha brindado los servicios de guarder\u00eda y de educaci\u00f3n preescolar.<\/p>\n\n\n\n<p>Se pretend\u00eda otorgar dicha concesi\u00f3n a un particular que no cuenta ni con las instalaciones adecuadas ni el personal capacitado para atender a menores \u00a0lactantes, maternal y de preescolar, lo cual pon\u00eda en riesgo la integridad de los menores.<\/p>\n\n\n\n<p>Exig\u00edan una pr\u00f3rroga para que el CENDI \u201cA\u00f1os M\u00e1gicos\u201d siguiera prestando el servicio hasta el 26 de agosto.<\/p>\n\n\n\n<p>De acuerdo con la informaci\u00f3n proporcionada, en una reuni\u00f3n sostenida con funcionarios del ISSSTE, misma que se prolong\u00f3 hasta los primeros minutos de este viernes, se les inform\u00f3 de la determinaci\u00f3n tomada para el caso de Xalapa.\u00a0<\/p>\n\n\n\n<p>Por \u00faltimo se indic\u00f3 que en una reuni\u00f3n que se tendr\u00eda este viernes por la tarde se conocer\u00e1n los pasos a seguir para que los 150 hijos e hijas sigan contando con el servicio de guarder\u00eda y preescolar.<\/p>\n","protected":false},"excerpt":{"rendered":"<p>Dar\u00edo Pale Xalapa, Ver.- Despu\u00e9s de tres d\u00edas de manifestaci\u00f3n de los padres de familia, el ISSSTE declar\u00f3 desierto el proceso de licitaci\u00f3n de las estancias infantiles 223 y 274, luego de 3 d\u00edas de protestas de derechohabientes en Xalapa. Los inconformes piden que en el nuevo proceso, al menos se incluyan a tres proveedores [&hellip;]<\/p>\n","protected":false},"author":2476,"featured_media":57201,"comment_status":"open","ping_status":"open","sticky":false,"template":"","format":"standard","meta":{"_jetpack_memberships_contains_paid_content":false,"footnotes":""},"categories":[9],"tags":[],"class_list":["post-57200","post","type-post","status-publish","format-standard","has-post-thumbnail","hentry","category-salud"],"jetpack_featured_media_url":"https:\/\/encuentroinformativo.com.mx\/wp-content\/uploads\/2024\/08\/IMG-20240802-WA0061.jpg","jetpack_sharing_enabled":true,"jetpack_likes_enabled":true,"amp_enabled":true,"_links":{"self":[{"href":"https:\/\/encuentroinformativo.com.mx\/index.php?rest_route=\/wp\/v2\/posts\/57200","targetHints":{"allow":["GET"]}}],"collection":[{"href":"https:\/\/encuentroinformativo.com.mx\/index.php?rest_route=\/wp\/v2\/posts"}],"about":[{"href":"https:\/\/encuentroinformativo.com.mx\/index.php?rest_route=\/wp\/v2\/types\/post"}],"author":[{"embeddable":true,"href":"https:\/\/encuentroinformativo.com.mx\/index.php?rest_route=\/wp\/v2\/users\/2476"}],"replies":[{"embeddable":true,"href":"https:\/\/encuentroinformativo.com.mx\/index.php?rest_route=%2Fwp%2Fv2%2Fcomments&post=57200"}],"version-history":[{"count":1,"href":"https:\/\/encuentroinformativo.com.mx\/index.php?rest_route=\/wp\/v2\/posts\/57200\/revisions"}],"predecessor-version":[{"id":57202,"href":"https:\/\/encuentroinformativo.com.mx\/index.php?rest_route=\/wp\/v2\/posts\/57200\/revisions\/57202"}],"wp:featuredmedia":[{"embeddable":true,"href":"https:\/\/encuentroinformativo.com.mx\/index.php?rest_route=\/wp\/v2\/media\/57201"}],"wp:attachment":[{"href":"https:\/\/encuentroinformativo.com.mx\/index.php?rest_route=%2Fwp%2Fv2%2Fmedia&parent=57200"}],"wp:term":[{"taxonomy":"category","embeddable":true,"href":"https:\/\/encuentroinformativo.com.mx\/index.php?rest_route=%2Fwp%2Fv2%2Fcategories&post=57200"},{"taxonomy":"post_tag","embeddable":true,"href":"https:\/\/encuentroinformativo.com.mx\/index.php?rest_route=%2Fwp%2Fv2%2Ftags&post=57200"}],"curies":[{"name":"wp","href":"https:\/\/api.w.org\/{rel}","templated":true}]}}