{"id":57235,"date":"2024-08-04T16:32:16","date_gmt":"2024-08-04T22:32:16","guid":{"rendered":"https:\/\/encuentroinformativo.com.mx\/?p=57235"},"modified":"2024-08-04T16:32:22","modified_gmt":"2024-08-04T22:32:22","slug":"repuntan-casos-de-covid-en-coatepec","status":"publish","type":"post","link":"https:\/\/encuentroinformativo.com.mx\/?p=57235","title":{"rendered":"Repuntan casos de COVID en Coatepec"},"content":{"rendered":"\n<p><strong>Dar\u00edo Pale <\/strong><\/p>\n\n\n\n<p>Xalapa, Ver.- El enlace de Salud del Ayuntamiento de Coatepec, Cristian Dom\u00ednguez Gal\u00e1n dio a conocer que en el municipio de Coatepec hay dos casos de dengue reportados en el sistema, mientras que los casos de Covid-19 van en aumento.<\/p>\n\n\n\n<p>En entrevista, dijo que en estos momentos se registra un rebrote representativo de pacientes positivos a Covid-19.<\/p>\n\n\n\n<p>No obstante, asegur\u00f3 que solo se reportan dos casos de dengue, aunque previ\u00f3 que hay incidencias que no se registran debido a que la gente no acude a las unidades de salud.<\/p>\n\n\n\n<p>\u201cHasta el momento tenemos reportados en el sistema dos casos sin embargo sabemos que debe haber m\u00e1s de incidencias. Tenemos que ver que la poblaci\u00f3n acuda a las unidades de salud, si presenta s\u00edntomas no acuden estos casos no son reportados y no hay alza, hay que considerar esta situaci\u00f3n\u201d, se\u00f1al\u00f3.<\/p>\n\n\n\n<p>Por \u00faltimo recomend\u00f3 que, en cualquiera de las dos enfermedades, la poblaci\u00f3n debe acudir a los centros de salud para que se detecte el n\u00famero de casos, adem\u00e1s de que participen en las eliminaciones masivas de larvas en el caso del dengue.<\/p>\n","protected":false},"excerpt":{"rendered":"<p>Dar\u00edo Pale Xalapa, Ver.- El enlace de Salud del Ayuntamiento de Coatepec, Cristian Dom\u00ednguez Gal\u00e1n dio a conocer que en el municipio de Coatepec hay dos casos de dengue reportados en el sistema, mientras que los casos de Covid-19 van en aumento. En entrevista, dijo que en estos momentos se registra un rebrote representativo de [&hellip;]<\/p>\n","protected":false},"author":2476,"featured_media":57236,"comment_status":"open","ping_status":"open","sticky":false,"template":"","format":"standard","meta":{"_jetpack_memberships_contains_paid_content":false,"footnotes":""},"categories":[9],"tags":[],"class_list":["post-57235","post","type-post","status-publish","format-standard","has-post-thumbnail","hentry","category-salud"],"jetpack_featured_media_url":"https:\/\/encuentroinformativo.com.mx\/wp-content\/uploads\/2024\/08\/IMG-20240803-WA0067.jpg","jetpack_sharing_enabled":true,"jetpack_likes_enabled":true,"amp_enabled":true,"_links":{"self":[{"href":"https:\/\/encuentroinformativo.com.mx\/index.php?rest_route=\/wp\/v2\/posts\/57235","targetHints":{"allow":["GET"]}}],"collection":[{"href":"https:\/\/encuentroinformativo.com.mx\/index.php?rest_route=\/wp\/v2\/posts"}],"about":[{"href":"https:\/\/encuentroinformativo.com.mx\/index.php?rest_route=\/wp\/v2\/types\/post"}],"author":[{"embeddable":true,"href":"https:\/\/encuentroinformativo.com.mx\/index.php?rest_route=\/wp\/v2\/users\/2476"}],"replies":[{"embeddable":true,"href":"https:\/\/encuentroinformativo.com.mx\/index.php?rest_route=%2Fwp%2Fv2%2Fcomments&post=57235"}],"version-history":[{"count":1,"href":"https:\/\/encuentroinformativo.com.mx\/index.php?rest_route=\/wp\/v2\/posts\/57235\/revisions"}],"predecessor-version":[{"id":57237,"href":"https:\/\/encuentroinformativo.com.mx\/index.php?rest_route=\/wp\/v2\/posts\/57235\/revisions\/57237"}],"wp:featuredmedia":[{"embeddable":true,"href":"https:\/\/encuentroinformativo.com.mx\/index.php?rest_route=\/wp\/v2\/media\/57236"}],"wp:attachment":[{"href":"https:\/\/encuentroinformativo.com.mx\/index.php?rest_route=%2Fwp%2Fv2%2Fmedia&parent=57235"}],"wp:term":[{"taxonomy":"category","embeddable":true,"href":"https:\/\/encuentroinformativo.com.mx\/index.php?rest_route=%2Fwp%2Fv2%2Fcategories&post=57235"},{"taxonomy":"post_tag","embeddable":true,"href":"https:\/\/encuentroinformativo.com.mx\/index.php?rest_route=%2Fwp%2Fv2%2Ftags&post=57235"}],"curies":[{"name":"wp","href":"https:\/\/api.w.org\/{rel}","templated":true}]}}