{"id":57244,"date":"2024-08-05T10:04:34","date_gmt":"2024-08-05T16:04:34","guid":{"rendered":"https:\/\/encuentroinformativo.com.mx\/?p=57244"},"modified":"2024-08-05T10:04:39","modified_gmt":"2024-08-05T16:04:39","slug":"el-dia-que-conoci-a-leticia-tarrago","status":"publish","type":"post","link":"https:\/\/encuentroinformativo.com.mx\/?p=57244","title":{"rendered":"EL D\u00cdA QUE CONOC\u00cd A LETICIA TARRAG\u00d3"},"content":{"rendered":"\n<p><strong>Sergio Armin V\u00e1squez Mu\u00f1oz<\/strong><\/p>\n\n\n\n<p>El s\u00e1bado no fue un d\u00eda cualquiera. Fue el d\u00eda que conoc\u00ed en persona a Leticia Tarrag\u00f3. La salud\u00e9, platiqu\u00e9 con ella y hasta una \u201cselfie\u201d nos tomamos. Y es que ese saludo lo ten\u00eda pendiente desde hace m\u00e1s de cuarenta a\u00f1os, porque desde entonces conozco su nombre y su obra.<\/p>\n\n\n\n<p>Leticia Tarrag\u00f3 Rodr\u00edguez es una artista pl\u00e1stica veracruzana, nacida en Orizaba en 1940. Despu\u00e9s de sus a\u00f1os de formaci\u00f3n, de radicar alg\u00fan tiempo en Polonia y de definir su estilo art\u00edstico, se establece en Briones, zona residencial que se ubica entre Xalapa y Coatepec, muy cerca de La Pitaya, junto con su esposo Fernando Vilchis O\u00f1ate, tambi\u00e9n un excepcional artista pl\u00e1stico, originario del puerto de Veracruz, lamentablemente fallecido en 2004.<\/p>\n\n\n\n<p>A finales de los setenta y principios de los ochenta, mi pap\u00e1 era contratista, y en ese periodo le encargaron parte de la remodelaci\u00f3n y ampliaci\u00f3n de la residencia que est\u00e1 justo enfrente de la casa de los Vilchis-Tarrag\u00f3<\/p>\n\n\n\n<p>Es por eso que desde ni\u00f1o tuve \u201ccercan\u00eda\u201d con la maestra Leticia. Siempre quise cruzar la calle y preguntarle c\u00f3mo le hac\u00eda para pintar \u201ctan bonito\u201d, me dec\u00eda a m\u00ed mismo, porque algunos libros de texto que me tocaron llevaban ilustraciones de su autor\u00eda. Despu\u00e9s, empec\u00e9 a ver sus grabados y pinturas por todas partes: en casa de amigos, en oficinas, en peri\u00f3dicos, revistas, libros, exposiciones, en diferentes espacios de la Universidad Veracruzana y en algunas otras instituciones relacionadas con el arte y la cultura.<br>Sin duda, es una artista con una producci\u00f3n de obra generosamente prol\u00edfica.<\/p>\n\n\n\n<p>Y en todos los casos, me bastaba con ver un poco para identificar que se trataba de alg\u00fan trabajo hecho por ella, porque su estilo es inconfundible: el rostro inexpresivo de un personaje, casi siempre femenino, casi siempre infantil; trazos y colores con sabor a nostalgia permanente; una fauna end\u00e9mica, representada por un gato, un caracol, un pez, un b\u00faho o un caballo; una flora melanc\u00f3lica, en algunos casos apenas insinuada; paisajes tomados de sue\u00f1os a ojos abiertos, de los que no se sabe qui\u00e9n es el espectador: el cuadro o quien lo observa.<\/p>\n\n\n\n<p>Mi incursi\u00f3n en el caprichoso mundo del arte tiene necesariamente como referente a mi \u201cvecina\u201d imaginaria.<\/p>\n\n\n\n<p>Es por eso que el s\u00e1bado decid\u00ed cruzar la calle del tiempo y del espacio y saludar a Leticia Tarrag\u00f3, porque ahora la Casa Vilchis-Tarrag\u00f3, adem\u00e1s de ser un nicho de arte y exuberante naturaleza, para mi buena suerte tambi\u00e9n es un centro gastron\u00f3mico, especialmente en sus ediciones del \u201cFestival del Marisco\u201d.<\/p>\n\n\n\n<p>As\u00ed, en un mismo d\u00eda pude degustar las delicias del mar en el hogar de la artista, conocer su taller, sus obras m\u00e1s recientes y estrechar su mano, tan amigable como lo esperaba, bajo el manto ac\u00fastico de una alegre marimba.<\/p>\n\n\n\n<p>Tengo que confesar que para hacer esta realidad un sue\u00f1o, cont\u00e9 con la complicidad de Oralia, mi generosa y adorada mujer, y del arquitecto Carlos Vitalis Illescas Luna, mi compa\u00f1ero de f\u00f3rmula en el arte de la amistad.<\/p>\n\n\n\n<p>El s\u00e1bado no fue un d\u00eda cualquiera, porque fue el d\u00eda en que conoc\u00ed en persona a Leticia Tarrag\u00f3.<\/p>\n","protected":false},"excerpt":{"rendered":"<p>Sergio Armin V\u00e1squez Mu\u00f1oz El s\u00e1bado no fue un d\u00eda cualquiera. Fue el d\u00eda que conoc\u00ed en persona a Leticia Tarrag\u00f3. La salud\u00e9, platiqu\u00e9 con ella y hasta una \u201cselfie\u201d nos tomamos. Y es que ese saludo lo ten\u00eda pendiente desde hace m\u00e1s de cuarenta a\u00f1os, porque desde entonces conozco su nombre y su obra. [&hellip;]<\/p>\n","protected":false},"author":2476,"featured_media":57245,"comment_status":"open","ping_status":"open","sticky":false,"template":"","format":"standard","meta":{"_jetpack_memberships_contains_paid_content":false,"footnotes":""},"categories":[11],"tags":[],"class_list":["post-57244","post","type-post","status-publish","format-standard","has-post-thumbnail","hentry","category-opinion"],"jetpack_featured_media_url":"https:\/\/encuentroinformativo.com.mx\/wp-content\/uploads\/2024\/08\/IMG-20240804-WA0047.jpg","jetpack_sharing_enabled":true,"jetpack_likes_enabled":true,"amp_enabled":true,"_links":{"self":[{"href":"https:\/\/encuentroinformativo.com.mx\/index.php?rest_route=\/wp\/v2\/posts\/57244","targetHints":{"allow":["GET"]}}],"collection":[{"href":"https:\/\/encuentroinformativo.com.mx\/index.php?rest_route=\/wp\/v2\/posts"}],"about":[{"href":"https:\/\/encuentroinformativo.com.mx\/index.php?rest_route=\/wp\/v2\/types\/post"}],"author":[{"embeddable":true,"href":"https:\/\/encuentroinformativo.com.mx\/index.php?rest_route=\/wp\/v2\/users\/2476"}],"replies":[{"embeddable":true,"href":"https:\/\/encuentroinformativo.com.mx\/index.php?rest_route=%2Fwp%2Fv2%2Fcomments&post=57244"}],"version-history":[{"count":1,"href":"https:\/\/encuentroinformativo.com.mx\/index.php?rest_route=\/wp\/v2\/posts\/57244\/revisions"}],"predecessor-version":[{"id":57246,"href":"https:\/\/encuentroinformativo.com.mx\/index.php?rest_route=\/wp\/v2\/posts\/57244\/revisions\/57246"}],"wp:featuredmedia":[{"embeddable":true,"href":"https:\/\/encuentroinformativo.com.mx\/index.php?rest_route=\/wp\/v2\/media\/57245"}],"wp:attachment":[{"href":"https:\/\/encuentroinformativo.com.mx\/index.php?rest_route=%2Fwp%2Fv2%2Fmedia&parent=57244"}],"wp:term":[{"taxonomy":"category","embeddable":true,"href":"https:\/\/encuentroinformativo.com.mx\/index.php?rest_route=%2Fwp%2Fv2%2Fcategories&post=57244"},{"taxonomy":"post_tag","embeddable":true,"href":"https:\/\/encuentroinformativo.com.mx\/index.php?rest_route=%2Fwp%2Fv2%2Ftags&post=57244"}],"curies":[{"name":"wp","href":"https:\/\/api.w.org\/{rel}","templated":true}]}}