{"id":57247,"date":"2024-08-05T10:25:17","date_gmt":"2024-08-05T16:25:17","guid":{"rendered":"https:\/\/encuentroinformativo.com.mx\/?p=57247"},"modified":"2024-08-05T10:25:23","modified_gmt":"2024-08-05T16:25:23","slug":"alcalde-jm-unanue-deja-como-nuevas-las-calles-donato-casas-y-alejandro-molina-en-la-primero-de-mayo-norte","status":"publish","type":"post","link":"https:\/\/encuentroinformativo.com.mx\/?p=57247","title":{"rendered":"Alcalde JM Un\u00e1nue deja como nuevas las calles Donato Casas y Alejandro Molina en la Primero de Mayo Norte"},"content":{"rendered":"\n<p><strong>* <em>Con este par de obras se beneficiar\u00e1 directamente a m\u00e1s de 4 mil personas que por ah\u00ed transitan diariamente<\/em>.<\/strong><\/p>\n\n\n\n<p>Boca del R\u00edo, Ver.- Las peticiones ciudadanas se siguen haciendo realidad en la administraci\u00f3n del alcalde de Boca del R\u00edo, Juan Manuel Un\u00e1nue Abascal, y es que este fin de semana fueron entregadas un par de calles pavimentadas en la colonia Primero de Mayo Norte.<\/p>\n\n\n\n<p>Se trata de dos puntos de la ciudad que ya estaban bastante deteriorados, tal es el caso de la calle Donato Casas y de la calle Alejandro Molina, las cuales fueron repavimentadas con concreto asf\u00e1ltico y de esta manera mejorar las condiciones para sus habitantes y para quienes por ah\u00ed transitan diariamente.<\/p>\n\n\n\n<p>\u201cLas Calles Donato Casas y Alejandro Molina en la Colonia Ejido Primero de Mayo Norte se pavimentaron con concreto asf\u00e1ltico y ahora se realizan trabajos de se\u00f1alizaci\u00f3n para que en un par de d\u00edas puedan estar terminadas en su totalidad\u201d, anunci\u00f3 el edil boque\u00f1o.<\/p>\n\n\n\n<p>Con esta obra se beneficiar\u00e1 directamente a m\u00e1s de 4 mil personas y a todo aquel que transite por estas importantes v\u00edas de comunicaci\u00f3n, dejando constancia que los servicios p\u00fablicos de Boca del R\u00edo contin\u00faan mejorando.<\/p>\n\n\n\n<p>Cabe recordar que las acciones que comprenden estas pavimentaciones son los m\u00e1s de cuatro mil metros cuadrados de concreto asf\u00e1ltico, aplic\u00e1ndose adem\u00e1s pintura especial para se\u00f1alamiento en pavimento y guarniciones con distintos anchos (l\u00edneas discontinuas y guarniciones).<\/p>\n\n\n\n<p>Asimismo se realizar\u00e1 la aplicaci\u00f3n de pintura especial para se\u00f1alamiento en pasos peatonales, as\u00ed como se\u00f1alamiento direccional.<\/p>\n\n\n\n<p><em><strong>REPAVIMENTACI\u00d3N DE LA CALLE MAR DEL NORTE EN EL FRACC. COSTA VERDE<\/strong><\/em><\/p>\n\n\n\n<p>En d\u00edas pasados, el Presidente Municipal, recorri\u00f3 la calle Mar del Norte en el fraccionamiento Costa verde, donde anunci\u00f3 su repavimentaci\u00f3n en concreto asf\u00e1ltico.<\/p>\n\n\n\n<p>Con esta acci\u00f3n que realiza el Ayuntamiento de Boca del R\u00edo se beneficiar\u00e1n directamente a m\u00e1s de 3 mil boque\u00f1os que transiten por esta importante v\u00eda de comunicaci\u00f3n, ya que se pavimentar\u00e1n m\u00e1s de 5 mil metros cuadrados con concreto asf\u00e1ltico.<\/p>\n\n\n\n<figure class=\"wp-block-image size-large\"><img loading=\"lazy\" decoding=\"async\" width=\"1024\" height=\"682\" src=\"https:\/\/encuentroinformativo.com.mx\/wp-content\/uploads\/2024\/08\/1000357145-1024x682.jpg\" alt=\"\" class=\"wp-image-57249\" srcset=\"https:\/\/encuentroinformativo.com.mx\/wp-content\/uploads\/2024\/08\/1000357145-1024x682.jpg 1024w, https:\/\/encuentroinformativo.com.mx\/wp-content\/uploads\/2024\/08\/1000357145-300x200.jpg 300w, https:\/\/encuentroinformativo.com.mx\/wp-content\/uploads\/2024\/08\/1000357145-768x512.jpg 768w, https:\/\/encuentroinformativo.com.mx\/wp-content\/uploads\/2024\/08\/1000357145.jpg 1280w\" sizes=\"auto, (max-width: 1024px) 100vw, 1024px\" \/><\/figure>\n","protected":false},"excerpt":{"rendered":"<p>* Con este par de obras se beneficiar\u00e1 directamente a m\u00e1s de 4 mil personas que por ah\u00ed transitan diariamente. Boca del R\u00edo, Ver.- Las peticiones ciudadanas se siguen haciendo realidad en la administraci\u00f3n del alcalde de Boca del R\u00edo, Juan Manuel Un\u00e1nue Abascal, y es que este fin de semana fueron entregadas un par [&hellip;]<\/p>\n","protected":false},"author":2476,"featured_media":57248,"comment_status":"open","ping_status":"open","sticky":false,"template":"","format":"standard","meta":{"_jetpack_memberships_contains_paid_content":false,"footnotes":""},"categories":[2],"tags":[],"class_list":["post-57247","post","type-post","status-publish","format-standard","has-post-thumbnail","hentry","category-estado"],"jetpack_featured_media_url":"https:\/\/encuentroinformativo.com.mx\/wp-content\/uploads\/2024\/08\/IMG-20240805-WA0009.jpg","jetpack_sharing_enabled":true,"jetpack_likes_enabled":true,"amp_enabled":true,"_links":{"self":[{"href":"https:\/\/encuentroinformativo.com.mx\/index.php?rest_route=\/wp\/v2\/posts\/57247","targetHints":{"allow":["GET"]}}],"collection":[{"href":"https:\/\/encuentroinformativo.com.mx\/index.php?rest_route=\/wp\/v2\/posts"}],"about":[{"href":"https:\/\/encuentroinformativo.com.mx\/index.php?rest_route=\/wp\/v2\/types\/post"}],"author":[{"embeddable":true,"href":"https:\/\/encuentroinformativo.com.mx\/index.php?rest_route=\/wp\/v2\/users\/2476"}],"replies":[{"embeddable":true,"href":"https:\/\/encuentroinformativo.com.mx\/index.php?rest_route=%2Fwp%2Fv2%2Fcomments&post=57247"}],"version-history":[{"count":1,"href":"https:\/\/encuentroinformativo.com.mx\/index.php?rest_route=\/wp\/v2\/posts\/57247\/revisions"}],"predecessor-version":[{"id":57250,"href":"https:\/\/encuentroinformativo.com.mx\/index.php?rest_route=\/wp\/v2\/posts\/57247\/revisions\/57250"}],"wp:featuredmedia":[{"embeddable":true,"href":"https:\/\/encuentroinformativo.com.mx\/index.php?rest_route=\/wp\/v2\/media\/57248"}],"wp:attachment":[{"href":"https:\/\/encuentroinformativo.com.mx\/index.php?rest_route=%2Fwp%2Fv2%2Fmedia&parent=57247"}],"wp:term":[{"taxonomy":"category","embeddable":true,"href":"https:\/\/encuentroinformativo.com.mx\/index.php?rest_route=%2Fwp%2Fv2%2Fcategories&post=57247"},{"taxonomy":"post_tag","embeddable":true,"href":"https:\/\/encuentroinformativo.com.mx\/index.php?rest_route=%2Fwp%2Fv2%2Ftags&post=57247"}],"curies":[{"name":"wp","href":"https:\/\/api.w.org\/{rel}","templated":true}]}}