{"id":57274,"date":"2024-08-05T16:23:20","date_gmt":"2024-08-05T22:23:20","guid":{"rendered":"https:\/\/encuentroinformativo.com.mx\/?p=57274"},"modified":"2024-08-05T16:23:25","modified_gmt":"2024-08-05T22:23:25","slug":"bloquean-carretera-federal-180-a-la-altura-de-los-robles","status":"publish","type":"post","link":"https:\/\/encuentroinformativo.com.mx\/?p=57274","title":{"rendered":"Bloquean carretera federal 180 a la altura de Los Robles"},"content":{"rendered":"\n<p><strong>Alejandro \u00c1vila<\/strong><\/p>\n\n\n\n<p>Medell\u00edn de Bravo, Ver.- Gran afectaci\u00f3n est\u00e1 causando el bloqueo carretero en la autopista federal 180 a la altura de la localidad de Los Robles perteneciente al municipio de Medell\u00edn de Bravo, por ciudadanos de la colonia Her\u00f3n Proal.<\/p>\n\n\n\n<p>Los quejosos solicitan la pavimentaci\u00f3n de 4.5 kil\u00f3metros, desde la carretera federal hasta la mencionada zona habitacional, adem\u00e1s de la construcci\u00f3n de una telesecundaria.<\/p>\n\n\n\n<p>Eusebio V\u00e1zquez Castro, l\u00edder de la colonia Heron Proal, se\u00f1al\u00f3 que el conflicto ha tardado varios a\u00f1os porque en los registros del INEGI la zona habitacional marca que pertenece al municipio de Alvarado, sin embargo, este Ayuntamiento se ha desentendido de ellos desde su creaci\u00f3n.<\/p>\n\n\n\n<p>&#8220;Es una emergente de L\u00f3pez Obrador y de Cuitl\u00e1huac Garc\u00eda que le den el presupuesto al Ayuntamiento de Medell\u00edn para qu\u00e9 nos pavimente la carretera, que es un tramo como cuatro y medio desde la federal a la colonia Nuevo Centro de Poblaci\u00f3n Her\u00f3n Proal y la secundaria al cien por ciento, que me escuche L\u00f3pez Obrador que as\u00ed como se luci\u00f3 y le aplaudimos por el Tren Maya, que nos d\u00e9 una oportunidad y que nos pavimenta en 4 kil\u00f3metros y medio y nos haga la secundaria, Telesecundaria, porque hay una escuela primaria y un kinder, donde la escuela primaria cuenta con 160 alumnos y la carretera est\u00e1 deteriorada, y los ni\u00f1os con las condiciones en las que estamos para vivir en estos tiempos, pues se peligra mucho con las ni\u00f1as y los ni\u00f1os&#8221;, expres\u00f3.<\/p>\n\n\n\n<p>Eusebio V\u00e1zquez aclar\u00f3 que el \u00fanico Ayuntamiento que los ha respaldado y ha visto por mejoras para las m\u00e1s de 3 200 personas que habitan en la zona, ha sido Medell\u00edn de Bravo, por ello solicitan el recurso para la rehabilitaci\u00f3n de este tramo carretero y la construcci\u00f3n de la Telesecundaria sean depositados a Medell\u00edn de Bravo y no a Alvarado.<\/p>\n","protected":false},"excerpt":{"rendered":"<p>Alejandro \u00c1vila Medell\u00edn de Bravo, Ver.- Gran afectaci\u00f3n est\u00e1 causando el bloqueo carretero en la autopista federal 180 a la altura de la localidad de Los Robles perteneciente al municipio de Medell\u00edn de Bravo, por ciudadanos de la colonia Her\u00f3n Proal. Los quejosos solicitan la pavimentaci\u00f3n de 4.5 kil\u00f3metros, desde la carretera federal hasta la [&hellip;]<\/p>\n","protected":false},"author":2476,"featured_media":57275,"comment_status":"open","ping_status":"open","sticky":false,"template":"","format":"standard","meta":{"_jetpack_memberships_contains_paid_content":false,"footnotes":""},"categories":[2],"tags":[],"class_list":["post-57274","post","type-post","status-publish","format-standard","has-post-thumbnail","hentry","category-estado"],"jetpack_featured_media_url":"https:\/\/encuentroinformativo.com.mx\/wp-content\/uploads\/2024\/08\/IMG-20240805-WA0095.jpg","jetpack_sharing_enabled":true,"jetpack_likes_enabled":true,"amp_enabled":true,"_links":{"self":[{"href":"https:\/\/encuentroinformativo.com.mx\/index.php?rest_route=\/wp\/v2\/posts\/57274","targetHints":{"allow":["GET"]}}],"collection":[{"href":"https:\/\/encuentroinformativo.com.mx\/index.php?rest_route=\/wp\/v2\/posts"}],"about":[{"href":"https:\/\/encuentroinformativo.com.mx\/index.php?rest_route=\/wp\/v2\/types\/post"}],"author":[{"embeddable":true,"href":"https:\/\/encuentroinformativo.com.mx\/index.php?rest_route=\/wp\/v2\/users\/2476"}],"replies":[{"embeddable":true,"href":"https:\/\/encuentroinformativo.com.mx\/index.php?rest_route=%2Fwp%2Fv2%2Fcomments&post=57274"}],"version-history":[{"count":1,"href":"https:\/\/encuentroinformativo.com.mx\/index.php?rest_route=\/wp\/v2\/posts\/57274\/revisions"}],"predecessor-version":[{"id":57276,"href":"https:\/\/encuentroinformativo.com.mx\/index.php?rest_route=\/wp\/v2\/posts\/57274\/revisions\/57276"}],"wp:featuredmedia":[{"embeddable":true,"href":"https:\/\/encuentroinformativo.com.mx\/index.php?rest_route=\/wp\/v2\/media\/57275"}],"wp:attachment":[{"href":"https:\/\/encuentroinformativo.com.mx\/index.php?rest_route=%2Fwp%2Fv2%2Fmedia&parent=57274"}],"wp:term":[{"taxonomy":"category","embeddable":true,"href":"https:\/\/encuentroinformativo.com.mx\/index.php?rest_route=%2Fwp%2Fv2%2Fcategories&post=57274"},{"taxonomy":"post_tag","embeddable":true,"href":"https:\/\/encuentroinformativo.com.mx\/index.php?rest_route=%2Fwp%2Fv2%2Ftags&post=57274"}],"curies":[{"name":"wp","href":"https:\/\/api.w.org\/{rel}","templated":true}]}}