{"id":57280,"date":"2024-08-05T17:10:04","date_gmt":"2024-08-05T23:10:04","guid":{"rendered":"https:\/\/encuentroinformativo.com.mx\/?p=57280"},"modified":"2024-08-05T17:10:12","modified_gmt":"2024-08-05T23:10:12","slug":"desestiman-tercera-alerta-de-genero-para-veracruz","status":"publish","type":"post","link":"https:\/\/encuentroinformativo.com.mx\/?p=57280","title":{"rendered":"Desestiman tercera alerta de g\u00e9nero para Veracruz"},"content":{"rendered":"\n<p><strong>Dar\u00edo Pale <\/strong><\/p>\n\n\n\n<p>Xalapa, Ver.- El gobernador Cuitl\u00e1huac Garc\u00eda Jim\u00e9nez descart\u00f3 la declaraci\u00f3n de tercera Alerta de G\u00e9nero para Veracruz, descart\u00f3 que no existe un plazo definido para concluir los tr\u00e1mites.<\/p>\n\n\n\n<p>En conferencia de prensa, afirm\u00f3 que las instancias competentes atienden los requerimientos de la Comisi\u00f3n Nacional para prevenir y erradicar la Violencia contra las Mujeres (CONAVIM) y descart\u00f3 que sea declarada una tercera Alerta de G\u00e9nero para el estado de Veracruz.<\/p>\n\n\n\n<p>Dijo que no existe un plazo definido para concluir los tr\u00e1mites, sino lo que el propio organismo considere tras revisar la documentaci\u00f3n y analizar las acciones estrat\u00e9gicas de combate a la delincuencia en materia de agresiones, feminicidios y desapariciones, lo cual efect\u00faa en conjunto con la Secretar\u00eda de Gobernaci\u00f3n.<\/p>\n\n\n\n<p>Cabe recordar que dicha Alerta fue solicitada desde 2019, tiempo en el que no han sido encontrados los elementos suficientes para la declaraci\u00f3n, mientras s\u00ed fueron impuestas dos anteriores, por Violencia Feminicida y por Agravio Comparado, el 23 de noviembre de 2016 y el 13 de diciembre de 2017.<\/p>\n","protected":false},"excerpt":{"rendered":"<p>Dar\u00edo Pale Xalapa, Ver.- El gobernador Cuitl\u00e1huac Garc\u00eda Jim\u00e9nez descart\u00f3 la declaraci\u00f3n de tercera Alerta de G\u00e9nero para Veracruz, descart\u00f3 que no existe un plazo definido para concluir los tr\u00e1mites. En conferencia de prensa, afirm\u00f3 que las instancias competentes atienden los requerimientos de la Comisi\u00f3n Nacional para prevenir y erradicar la Violencia contra las Mujeres [&hellip;]<\/p>\n","protected":false},"author":2476,"featured_media":57281,"comment_status":"open","ping_status":"open","sticky":false,"template":"","format":"standard","meta":{"_jetpack_memberships_contains_paid_content":false,"footnotes":""},"categories":[2],"tags":[],"class_list":["post-57280","post","type-post","status-publish","format-standard","has-post-thumbnail","hentry","category-estado"],"jetpack_featured_media_url":"https:\/\/encuentroinformativo.com.mx\/wp-content\/uploads\/2024\/08\/IMG-20240805-WA00982.jpg","jetpack_sharing_enabled":true,"jetpack_likes_enabled":true,"amp_enabled":true,"_links":{"self":[{"href":"https:\/\/encuentroinformativo.com.mx\/index.php?rest_route=\/wp\/v2\/posts\/57280","targetHints":{"allow":["GET"]}}],"collection":[{"href":"https:\/\/encuentroinformativo.com.mx\/index.php?rest_route=\/wp\/v2\/posts"}],"about":[{"href":"https:\/\/encuentroinformativo.com.mx\/index.php?rest_route=\/wp\/v2\/types\/post"}],"author":[{"embeddable":true,"href":"https:\/\/encuentroinformativo.com.mx\/index.php?rest_route=\/wp\/v2\/users\/2476"}],"replies":[{"embeddable":true,"href":"https:\/\/encuentroinformativo.com.mx\/index.php?rest_route=%2Fwp%2Fv2%2Fcomments&post=57280"}],"version-history":[{"count":1,"href":"https:\/\/encuentroinformativo.com.mx\/index.php?rest_route=\/wp\/v2\/posts\/57280\/revisions"}],"predecessor-version":[{"id":57282,"href":"https:\/\/encuentroinformativo.com.mx\/index.php?rest_route=\/wp\/v2\/posts\/57280\/revisions\/57282"}],"wp:featuredmedia":[{"embeddable":true,"href":"https:\/\/encuentroinformativo.com.mx\/index.php?rest_route=\/wp\/v2\/media\/57281"}],"wp:attachment":[{"href":"https:\/\/encuentroinformativo.com.mx\/index.php?rest_route=%2Fwp%2Fv2%2Fmedia&parent=57280"}],"wp:term":[{"taxonomy":"category","embeddable":true,"href":"https:\/\/encuentroinformativo.com.mx\/index.php?rest_route=%2Fwp%2Fv2%2Fcategories&post=57280"},{"taxonomy":"post_tag","embeddable":true,"href":"https:\/\/encuentroinformativo.com.mx\/index.php?rest_route=%2Fwp%2Fv2%2Ftags&post=57280"}],"curies":[{"name":"wp","href":"https:\/\/api.w.org\/{rel}","templated":true}]}}