{"id":57288,"date":"2024-08-06T11:54:20","date_gmt":"2024-08-06T17:54:20","guid":{"rendered":"https:\/\/encuentroinformativo.com.mx\/?p=57288"},"modified":"2024-08-06T11:54:26","modified_gmt":"2024-08-06T17:54:26","slug":"por-ajustes-economicos-protestan-jarochos-en-cfe","status":"publish","type":"post","link":"https:\/\/encuentroinformativo.com.mx\/?p=57288","title":{"rendered":"Por ajustes econ\u00f3micos, protestan jarochos en CFE"},"content":{"rendered":"\n<p><strong>Alejandro \u00c1vila<\/strong><\/p>\n\n\n\n<p>Veracruz, Ver.- Integrantes del Movimiento Regenerador Democr\u00e1tico se manifestaron la ma\u00f1ana de este martes en las instalaciones de Comisi\u00f3n Federal de Electricidad (CFE) sobre la avenida Salvador D\u00edaz Mir\u00f3n en el puerto de Veracruz, debido a ciertos ajustes econ\u00f3micos fuer de la ley que est\u00e1 haciendo la dependencia federal.<\/p>\n\n\n\n<p>El l\u00edder social, Marco Antonio Moncayo Parra mencion\u00f3 que la CFE est\u00e1 realizando ajustes econ\u00f3micos para las personas que se encontraban &#8220;colgadas&#8221; o de forma irregular, aunque hace un conteo de m\u00e1s de 5 a\u00f1os atr\u00e1s, acci\u00f3n ilegal, lo que se traduce en un monto casi imposible de pagar.<\/p>\n\n\n\n<p>&#8220;Los cobros injustos que ha habido, hacen una evaluaci\u00f3n de hasta 6 o 7 a\u00f1os, cuando Hacienda dice que 5 a\u00f1os, \u00bfestos que son? m\u00e1s autoridad que Hacienda, porque meten hasta 6, un ajuste de hasta 6 o 7 a\u00f1os, c\u00f3mo vas a saber en un ajuste de este que ya tengo clima y en aquel tiempo no ten\u00eda clima, y te hacen el balance completo entonces es una cifra impagable&#8221;, denunci\u00f3 Moncayo Parra.<\/p>\n\n\n\n<p>Por su parte, la se\u00f1ora Zaira Bautista mencion\u00f3 que desde hace un a\u00f1o est\u00e1n solicitando a CFE que les regularice el servicio de energ\u00eda el\u00e9ctrica en la colonia Carsovela; la ciudadana reconoci\u00f3 que desde que llegaron a habitar la zona se conectaron al servicio de luz de forma irregular, sin embargo, llevan meses gestionando cumplir de manera legal, pero la multa que les impuso la dependencia federal es exorbitante.<\/p>\n\n\n\n<p>&#8220;Queremos pagar no queremos estar ilegalmente as\u00ed, y que Comisi\u00f3n entre, nosotros encontramos con transformadores queremos que los revise, los cheques, que le den el mantenimiento que necesita (\u2026) hemos venido y hemos dado vueltas y la verdad no nos soluciona nada, un a\u00f1o buscando regularizar y ahorita no se estaban cobrando una multa que ten\u00eda ya anteriormente las instalaciones de 400 mil&#8221;, coment\u00f3.<\/p>\n","protected":false},"excerpt":{"rendered":"<p>Alejandro \u00c1vila Veracruz, Ver.- Integrantes del Movimiento Regenerador Democr\u00e1tico se manifestaron la ma\u00f1ana de este martes en las instalaciones de Comisi\u00f3n Federal de Electricidad (CFE) sobre la avenida Salvador D\u00edaz Mir\u00f3n en el puerto de Veracruz, debido a ciertos ajustes econ\u00f3micos fuer de la ley que est\u00e1 haciendo la dependencia federal. El l\u00edder social, Marco [&hellip;]<\/p>\n","protected":false},"author":2476,"featured_media":57289,"comment_status":"open","ping_status":"open","sticky":false,"template":"","format":"standard","meta":{"_jetpack_memberships_contains_paid_content":false,"footnotes":""},"categories":[2],"tags":[],"class_list":["post-57288","post","type-post","status-publish","format-standard","has-post-thumbnail","hentry","category-estado"],"jetpack_featured_media_url":"https:\/\/encuentroinformativo.com.mx\/wp-content\/uploads\/2024\/08\/IMG-20240806-WA0010.jpg","jetpack_sharing_enabled":true,"jetpack_likes_enabled":true,"amp_enabled":true,"_links":{"self":[{"href":"https:\/\/encuentroinformativo.com.mx\/index.php?rest_route=\/wp\/v2\/posts\/57288","targetHints":{"allow":["GET"]}}],"collection":[{"href":"https:\/\/encuentroinformativo.com.mx\/index.php?rest_route=\/wp\/v2\/posts"}],"about":[{"href":"https:\/\/encuentroinformativo.com.mx\/index.php?rest_route=\/wp\/v2\/types\/post"}],"author":[{"embeddable":true,"href":"https:\/\/encuentroinformativo.com.mx\/index.php?rest_route=\/wp\/v2\/users\/2476"}],"replies":[{"embeddable":true,"href":"https:\/\/encuentroinformativo.com.mx\/index.php?rest_route=%2Fwp%2Fv2%2Fcomments&post=57288"}],"version-history":[{"count":1,"href":"https:\/\/encuentroinformativo.com.mx\/index.php?rest_route=\/wp\/v2\/posts\/57288\/revisions"}],"predecessor-version":[{"id":57290,"href":"https:\/\/encuentroinformativo.com.mx\/index.php?rest_route=\/wp\/v2\/posts\/57288\/revisions\/57290"}],"wp:featuredmedia":[{"embeddable":true,"href":"https:\/\/encuentroinformativo.com.mx\/index.php?rest_route=\/wp\/v2\/media\/57289"}],"wp:attachment":[{"href":"https:\/\/encuentroinformativo.com.mx\/index.php?rest_route=%2Fwp%2Fv2%2Fmedia&parent=57288"}],"wp:term":[{"taxonomy":"category","embeddable":true,"href":"https:\/\/encuentroinformativo.com.mx\/index.php?rest_route=%2Fwp%2Fv2%2Fcategories&post=57288"},{"taxonomy":"post_tag","embeddable":true,"href":"https:\/\/encuentroinformativo.com.mx\/index.php?rest_route=%2Fwp%2Fv2%2Ftags&post=57288"}],"curies":[{"name":"wp","href":"https:\/\/api.w.org\/{rel}","templated":true}]}}