{"id":57291,"date":"2024-08-06T12:24:31","date_gmt":"2024-08-06T18:24:31","guid":{"rendered":"https:\/\/encuentroinformativo.com.mx\/?p=57291"},"modified":"2024-08-06T12:24:38","modified_gmt":"2024-08-06T18:24:38","slug":"invasion-en-zona-boscosa-genera-incertidumbre-sobre-abasto-de-agua-en-coatepec","status":"publish","type":"post","link":"https:\/\/encuentroinformativo.com.mx\/?p=57291","title":{"rendered":"Invasi\u00f3n en zona boscosa genera incertidumbre sobre abasto de agua en Coatepec"},"content":{"rendered":"\n<p><strong>Dar\u00edo Pale <\/strong><\/p>\n\n\n\n<p>Xalapa, Ver.- La invasi\u00f3n de 2 mil hect\u00e1reas de bosque en la Sierra Alta, en Coatepec y que han permitido las autoridades judiciales desde hace m\u00e1s de 5 a\u00f1os, provoca incertidumbre respecto del abasto de agua para la zona metropolitana, as\u00ed lo se\u00f1alaron los integrantes del Frente C\u00edvico Nacional cap\u00edtulo Veracruz.<\/p>\n\n\n\n<p>En conferencia de prensa Mart\u00edn Quitano, del Frente, cap\u00edtulo Veracruz dijo, &#8220;porque las 2 mil hect\u00e1reas que buscan ser afectadas con esta invasi\u00f3n, son parte del conjunto donde se ubican nuestras principales f\u00e1bricas de agua para la zona metropolitana&#8221;.<\/p>\n\n\n\n<p>&#8220;Es incre\u00edble que no se tomen cartas en el asunto, porque adem\u00e1s tambi\u00e9n se genera un conflicto social. Detr\u00e1s de esto hay un conflicto de presencia que lastima a los due\u00f1os de las tierras&#8221;, se\u00f1al\u00f3.<\/p>\n\n\n\n<p>Expuso que dicha invasi\u00f3n es por parte de un grupo de personas que desde hace a\u00f1os ocupan las tierras porque las autoridades judiciales se lo permiten.<\/p>\n\n\n\n<p>&#8220;Ante ello manifestamos nuestro reclamo por una pronta y responsable soluci\u00f3n que ponga fin a esa invasi\u00f3n y resguarde esos territorios para el beneficio com\u00fan&#8221;, coment\u00f3.<\/p>\n\n\n\n<p>Mencion\u00f3 que la invasi\u00f3n de tierras que est\u00e1n en litigio genera zozobra a los particulares que est\u00e1n siendo afectados por la invasi\u00f3n.<\/p>\n\n\n\n<p>Agreg\u00f3 que el 40 por ciento del agua que viene a Xalapa es de esa regi\u00f3n, por lo que recalc\u00f3 la importancia de enfrentar la invasi\u00f3n del bosque y record\u00f3 que ya existen \u00f3rdenes de desalojo, pero al final no se ejecutan.<\/p>\n\n\n\n<p>Finalmente llamaron a una movilizaci\u00f3n ciudadana para evitar que Morena y sus aliados tengan sobrerepresentaci\u00f3n de los diputados, el 11 de agosto frente a la Junta Local del INE, en Xalapa.<\/p>\n","protected":false},"excerpt":{"rendered":"<p>Dar\u00edo Pale Xalapa, Ver.- La invasi\u00f3n de 2 mil hect\u00e1reas de bosque en la Sierra Alta, en Coatepec y que han permitido las autoridades judiciales desde hace m\u00e1s de 5 a\u00f1os, provoca incertidumbre respecto del abasto de agua para la zona metropolitana, as\u00ed lo se\u00f1alaron los integrantes del Frente C\u00edvico Nacional cap\u00edtulo Veracruz. En conferencia [&hellip;]<\/p>\n","protected":false},"author":2476,"featured_media":57292,"comment_status":"open","ping_status":"open","sticky":false,"template":"","format":"standard","meta":{"_jetpack_memberships_contains_paid_content":false,"footnotes":""},"categories":[8],"tags":[],"class_list":["post-57291","post","type-post","status-publish","format-standard","has-post-thumbnail","hentry","category-region"],"jetpack_featured_media_url":"https:\/\/encuentroinformativo.com.mx\/wp-content\/uploads\/2024\/08\/IMG-20240806-WA0018.jpg","jetpack_sharing_enabled":true,"jetpack_likes_enabled":true,"amp_enabled":true,"_links":{"self":[{"href":"https:\/\/encuentroinformativo.com.mx\/index.php?rest_route=\/wp\/v2\/posts\/57291","targetHints":{"allow":["GET"]}}],"collection":[{"href":"https:\/\/encuentroinformativo.com.mx\/index.php?rest_route=\/wp\/v2\/posts"}],"about":[{"href":"https:\/\/encuentroinformativo.com.mx\/index.php?rest_route=\/wp\/v2\/types\/post"}],"author":[{"embeddable":true,"href":"https:\/\/encuentroinformativo.com.mx\/index.php?rest_route=\/wp\/v2\/users\/2476"}],"replies":[{"embeddable":true,"href":"https:\/\/encuentroinformativo.com.mx\/index.php?rest_route=%2Fwp%2Fv2%2Fcomments&post=57291"}],"version-history":[{"count":1,"href":"https:\/\/encuentroinformativo.com.mx\/index.php?rest_route=\/wp\/v2\/posts\/57291\/revisions"}],"predecessor-version":[{"id":57293,"href":"https:\/\/encuentroinformativo.com.mx\/index.php?rest_route=\/wp\/v2\/posts\/57291\/revisions\/57293"}],"wp:featuredmedia":[{"embeddable":true,"href":"https:\/\/encuentroinformativo.com.mx\/index.php?rest_route=\/wp\/v2\/media\/57292"}],"wp:attachment":[{"href":"https:\/\/encuentroinformativo.com.mx\/index.php?rest_route=%2Fwp%2Fv2%2Fmedia&parent=57291"}],"wp:term":[{"taxonomy":"category","embeddable":true,"href":"https:\/\/encuentroinformativo.com.mx\/index.php?rest_route=%2Fwp%2Fv2%2Fcategories&post=57291"},{"taxonomy":"post_tag","embeddable":true,"href":"https:\/\/encuentroinformativo.com.mx\/index.php?rest_route=%2Fwp%2Fv2%2Ftags&post=57291"}],"curies":[{"name":"wp","href":"https:\/\/api.w.org\/{rel}","templated":true}]}}