{"id":57294,"date":"2024-08-06T12:44:13","date_gmt":"2024-08-06T18:44:13","guid":{"rendered":"https:\/\/encuentroinformativo.com.mx\/?p=57294"},"modified":"2024-08-06T12:44:18","modified_gmt":"2024-08-06T18:44:18","slug":"veracruz-primer-ayuntamiento-con-agenda-municipal-de-cambio-climatico","status":"publish","type":"post","link":"https:\/\/encuentroinformativo.com.mx\/?p=57294","title":{"rendered":"Veracruz primer Ayuntamiento con Agenda Municipal de Cambio Clim\u00e1tico"},"content":{"rendered":"\n<p><strong>Alejandro \u00c1vila<\/strong><\/p>\n\n\n\n<p>Veracruz, Ver.- El municipio de Veracruz pasar\u00e1 a la historia como el primer Ayuntamiento en la entidad con una Agenda Municipal de Cambio Clim\u00e1tico, inform\u00f3 la regidora, Lissethe Mart\u00ednez Echeverr\u00eda.<\/p>\n\n\n\n<p>Hace unos d\u00edas sesion\u00f3 por segunda ocasi\u00f3n el Consejo Consultivo Municipal de Medio Ambiente, donde se aprob\u00f3 el documento que regir\u00e1 la Agenda Municipal de Cambio Clim\u00e1tico, mismo que ser\u00e1 presentado en pr\u00f3ximos d\u00edas en el Cabildo de Veracruz para su aprobaci\u00f3n.<\/p>\n\n\n\n<p>&#8220;En esta administraci\u00f3n estaremos haciendo trascendencia con la tipificaci\u00f3n de este documento dentro del Cabildo para llevar a cabo acciones sustantivas a favor del medio ambiente y obviamente para mitigar los efectos del cambio clim\u00e1tico en nuestra zona conurbada, principalmente en el municipio de Veracruz&#8221;.<\/p>\n\n\n\n<p>&#8220;Por lo tanto este es un documento que est\u00e1 creando historia, que vamos a crear una trascendencia de las actividades y de las acciones a llevar en mejora del entorno de nuestro municipio (\u2026) este es el punto de partida, esta administraci\u00f3n estar\u00e1 siendo el principal promotor e iniciador de la aplicaci\u00f3n de esta agenda, para que posteriormente las siguientes administraciones tengan las actividades contempladas de lo que contiene esta Agenda Municipal de Cambio Clim\u00e1tico&#8221;, subray\u00f3 Martinez Echeverr\u00eda.<\/p>\n\n\n\n<p>La regidora de Morena con la comisi\u00f3n de Medio Ambiente aclar\u00f3 que, la Agenda es perfectible, y conforme se vaya evolucionando en la sociedad y en las t\u00e9cnicas de cuidado para el medio ambiente se pueden agregar nuevas tendencias o mecanismos para combatir el cambio clim\u00e1tico.<\/p>\n\n\n\n<p>&#8220;En ese sentido se presentaron tambi\u00e9n 9 propuestas de acciones sustantivas a realizar dentro de la Agenda de Cambio Clim\u00e1tico y, por supuesto que se puede perfeccionar a trav\u00e9s de las organizaciones sociales, a trav\u00e9s de las dependencias gubernamentales y, por supuesto, las \u00e1reas del municipio, las \u00e1reas que la contemplan, Medio Ambiente, Limpia P\u00fablica, Espacios P\u00fablicos, en fin, hasta la direcci\u00f3n de Obras est\u00e1 contemplada para llevar a cabo este tipo de acciones&#8221;, sentenci\u00f3.<\/p>\n","protected":false},"excerpt":{"rendered":"<p>Alejandro \u00c1vila Veracruz, Ver.- El municipio de Veracruz pasar\u00e1 a la historia como el primer Ayuntamiento en la entidad con una Agenda Municipal de Cambio Clim\u00e1tico, inform\u00f3 la regidora, Lissethe Mart\u00ednez Echeverr\u00eda. Hace unos d\u00edas sesion\u00f3 por segunda ocasi\u00f3n el Consejo Consultivo Municipal de Medio Ambiente, donde se aprob\u00f3 el documento que regir\u00e1 la Agenda [&hellip;]<\/p>\n","protected":false},"author":2476,"featured_media":57295,"comment_status":"open","ping_status":"open","sticky":false,"template":"","format":"standard","meta":{"_jetpack_memberships_contains_paid_content":false,"footnotes":""},"categories":[2],"tags":[],"class_list":["post-57294","post","type-post","status-publish","format-standard","has-post-thumbnail","hentry","category-estado"],"jetpack_featured_media_url":"https:\/\/encuentroinformativo.com.mx\/wp-content\/uploads\/2024\/08\/IMG-20240806-WA0011.jpg","jetpack_sharing_enabled":true,"jetpack_likes_enabled":true,"amp_enabled":true,"_links":{"self":[{"href":"https:\/\/encuentroinformativo.com.mx\/index.php?rest_route=\/wp\/v2\/posts\/57294","targetHints":{"allow":["GET"]}}],"collection":[{"href":"https:\/\/encuentroinformativo.com.mx\/index.php?rest_route=\/wp\/v2\/posts"}],"about":[{"href":"https:\/\/encuentroinformativo.com.mx\/index.php?rest_route=\/wp\/v2\/types\/post"}],"author":[{"embeddable":true,"href":"https:\/\/encuentroinformativo.com.mx\/index.php?rest_route=\/wp\/v2\/users\/2476"}],"replies":[{"embeddable":true,"href":"https:\/\/encuentroinformativo.com.mx\/index.php?rest_route=%2Fwp%2Fv2%2Fcomments&post=57294"}],"version-history":[{"count":1,"href":"https:\/\/encuentroinformativo.com.mx\/index.php?rest_route=\/wp\/v2\/posts\/57294\/revisions"}],"predecessor-version":[{"id":57296,"href":"https:\/\/encuentroinformativo.com.mx\/index.php?rest_route=\/wp\/v2\/posts\/57294\/revisions\/57296"}],"wp:featuredmedia":[{"embeddable":true,"href":"https:\/\/encuentroinformativo.com.mx\/index.php?rest_route=\/wp\/v2\/media\/57295"}],"wp:attachment":[{"href":"https:\/\/encuentroinformativo.com.mx\/index.php?rest_route=%2Fwp%2Fv2%2Fmedia&parent=57294"}],"wp:term":[{"taxonomy":"category","embeddable":true,"href":"https:\/\/encuentroinformativo.com.mx\/index.php?rest_route=%2Fwp%2Fv2%2Fcategories&post=57294"},{"taxonomy":"post_tag","embeddable":true,"href":"https:\/\/encuentroinformativo.com.mx\/index.php?rest_route=%2Fwp%2Fv2%2Ftags&post=57294"}],"curies":[{"name":"wp","href":"https:\/\/api.w.org\/{rel}","templated":true}]}}