{"id":57303,"date":"2024-08-06T13:39:15","date_gmt":"2024-08-06T19:39:15","guid":{"rendered":"https:\/\/encuentroinformativo.com.mx\/?p=57303"},"modified":"2024-08-06T13:39:20","modified_gmt":"2024-08-06T19:39:20","slug":"cafetaleros-solicitan-absolucion-de-companeros-acusados","status":"publish","type":"post","link":"https:\/\/encuentroinformativo.com.mx\/?p=57303","title":{"rendered":"Cafetaleros solicitan absoluci\u00f3n de compa\u00f1eros acusados"},"content":{"rendered":"\n<p><strong>Dar\u00edo Pale <\/strong><\/p>\n\n\n\n<p>Xalapa, Ver.- Cafetaleros se plantaron en la Plaza Lerdo para solicitar la absoluci\u00f3n de los sietes acusados con pruebas falsas por por parte de la empresa AMSA-ECOM y la Fiscal\u00eda General del Estado (FGE), por el incendio en dicha empresa y est\u00e1n solicitando la reparaci\u00f3n del da\u00f1o.<\/p>\n\n\n\n<p>En conferencia de prensa en la Plaza Lerdo Fernando Celis Callejas, asesor general de la Coordinadora Nacional de Organizaciones Cafetaleras, asever\u00f3 que la empresa est\u00e1 apelando el desistimiento de los cinco acusados que quedaron en libertad y se buscar\u00e1 que los otros siete acusados sean remitidos a las autoridades.<\/p>\n\n\n\n<p>&#8220;Nos preguntamos por qu\u00e9 el gobierno est\u00e1 avalando estas acciones, se han hecho muchos gastos de abogados, de vueltas, de manifestaciones, se ha ido a M\u00e9xico, se acudi\u00f3 a la ma\u00f1anera, se pudo detener esto, pero no se ha hecho nada&#8221;, se\u00f1al\u00f3.<\/p>\n\n\n\n<p>&#8220;El Estado est\u00e1 obligado a disculparse con los compa\u00f1eros porque acusaron y detuvieron a cinco y lo hicieron de manera violenta. Pensamos que como es una empresa transnacional se ha alargado de manera judicial el caso, debe haber una reparaci\u00f3n econ\u00f3mica del gobierno del Estado, queremos que se resuelva el problema\u201d, agreg\u00f3.<\/p>\n\n\n\n<p>Los cafetaleros acusados por la empresa Agroindustrias Unidas de M\u00e9xico SA de CV (AMSA-ECOM) por presuntamente provocar un incendio en las bodegas de la empresa en enero de 2022 en el municipio de Ixhuat\u00e1n del Caf\u00e9 pidieron una urgente resoluci\u00f3n al caso y que el Estado realice una disculpa y reparaci\u00f3n del da\u00f1o causado a los 12 acusados por estos hechos.<\/p>\n\n\n\n<p>Desde la plaza Sebasti\u00e1n Lerdo, los acusados, acompa\u00f1ados de sus familias, se\u00f1alaron que cinco de las personas se\u00f1aladas por este incendio estuvieron presos, pero recobraron su libertad al obtener el desistimiento de parte del juez que tiene a cargo el caso.<\/p>\n\n\n\n<p>Sin embargo, siete personas tienen abiertas las investigaciones, por lo que existe el temor de una posible detenci\u00f3n.<\/p>\n\n\n\n<p>Fernando Celis acus\u00f3 que a m\u00e1s de un a\u00f1o de haberse registrado los hechos, la empresa busque nuevamente activar las denuncias y \u00f3rdenes de aprehensi\u00f3n.<\/p>\n\n\n\n<p>\u201cVan 14 meses y no se ha podido resolver la situaci\u00f3n que caus\u00f3 la empresa AMSA con la Fiscal\u00eda General del Estado que orden\u00f3 la aprehensi\u00f3n de 12 personas, \u00bfpor qu\u00e9 no se ha resuelto?, la Fiscal durante diez meses se neg\u00f3 a recibir las pruebas de los acusados, la acusaci\u00f3n principal es que hubo un incendio, se gestion\u00f3 la intervenci\u00f3n presidencial con la que se instruy\u00f3 que se agilizara el caso\u201d, coment\u00f3.<\/p>\n\n\n\n<p>Record\u00f3 que desde el \u00e1rea jur\u00eddica se logr\u00f3 que hubiera un desistimiento a las acusaciones generadas por la Fiscal\u00eda, por lo que es un \u201cerror que se pretendan generar nuevas acciones legales\u201d.<\/p>\n\n\n\n<p>\u201cEl \u00e1rea jur\u00eddica determin\u00f3 que se desestimaran las acusaciones, pero la Fiscal se neg\u00f3, de todas formas, el juez recibi\u00f3 las pruebas de los acusados y en pocos d\u00edas hizo una resoluci\u00f3n, que fue el sobreseimiento a los cinco que fueron acusados y detenidos, nosotros esper\u00e1bamos que hubiera sido a los 12, pero el juez encontr\u00f3 que desde abril se ten\u00eda un peritaje que dec\u00eda que no se us\u00f3 di\u00e9sel o gasolina, sino que era papel\u201d, dijo en entrevista.<\/p>\n\n\n\n<p>Mencion\u00f3 que un a\u00f1o despu\u00e9s de los hechos la Fiscal\u00eda manej\u00f3 una acusaci\u00f3n presuntamente haciendo uso de testigos falsos y \u201cmal hecha porque pensaron que iban a tener impunidad, pero el juez tom\u00f3 una decisi\u00f3n\u201d.<\/p>\n\n\n\n<p>\u201cHay un proceso de que en los siguientes d\u00edas y semanas se genere la resoluci\u00f3n de todos los acusados, faltan siete que tengan el sobreseimiento y la absoluci\u00f3n\u201d, coment\u00f3.<\/p>\n\n\n\n<p>Por \u00faltimo los afectados pidieron de manera directa la intervenci\u00f3n de las autoridades para poder absolver a todos los acusados por mencionados hechos.<\/p>\n","protected":false},"excerpt":{"rendered":"<p>Dar\u00edo Pale Xalapa, Ver.- Cafetaleros se plantaron en la Plaza Lerdo para solicitar la absoluci\u00f3n de los sietes acusados con pruebas falsas por por parte de la empresa AMSA-ECOM y la Fiscal\u00eda General del Estado (FGE), por el incendio en dicha empresa y est\u00e1n solicitando la reparaci\u00f3n del da\u00f1o. En conferencia de prensa en la [&hellip;]<\/p>\n","protected":false},"author":2476,"featured_media":57304,"comment_status":"open","ping_status":"open","sticky":false,"template":"","format":"standard","meta":{"_jetpack_memberships_contains_paid_content":false,"footnotes":""},"categories":[3],"tags":[],"class_list":["post-57303","post","type-post","status-publish","format-standard","has-post-thumbnail","hentry","category-xalapa"],"jetpack_featured_media_url":"https:\/\/encuentroinformativo.com.mx\/wp-content\/uploads\/2024\/08\/IMG-20240806-WA0035.jpg","jetpack_sharing_enabled":true,"jetpack_likes_enabled":true,"amp_enabled":true,"_links":{"self":[{"href":"https:\/\/encuentroinformativo.com.mx\/index.php?rest_route=\/wp\/v2\/posts\/57303","targetHints":{"allow":["GET"]}}],"collection":[{"href":"https:\/\/encuentroinformativo.com.mx\/index.php?rest_route=\/wp\/v2\/posts"}],"about":[{"href":"https:\/\/encuentroinformativo.com.mx\/index.php?rest_route=\/wp\/v2\/types\/post"}],"author":[{"embeddable":true,"href":"https:\/\/encuentroinformativo.com.mx\/index.php?rest_route=\/wp\/v2\/users\/2476"}],"replies":[{"embeddable":true,"href":"https:\/\/encuentroinformativo.com.mx\/index.php?rest_route=%2Fwp%2Fv2%2Fcomments&post=57303"}],"version-history":[{"count":1,"href":"https:\/\/encuentroinformativo.com.mx\/index.php?rest_route=\/wp\/v2\/posts\/57303\/revisions"}],"predecessor-version":[{"id":57305,"href":"https:\/\/encuentroinformativo.com.mx\/index.php?rest_route=\/wp\/v2\/posts\/57303\/revisions\/57305"}],"wp:featuredmedia":[{"embeddable":true,"href":"https:\/\/encuentroinformativo.com.mx\/index.php?rest_route=\/wp\/v2\/media\/57304"}],"wp:attachment":[{"href":"https:\/\/encuentroinformativo.com.mx\/index.php?rest_route=%2Fwp%2Fv2%2Fmedia&parent=57303"}],"wp:term":[{"taxonomy":"category","embeddable":true,"href":"https:\/\/encuentroinformativo.com.mx\/index.php?rest_route=%2Fwp%2Fv2%2Fcategories&post=57303"},{"taxonomy":"post_tag","embeddable":true,"href":"https:\/\/encuentroinformativo.com.mx\/index.php?rest_route=%2Fwp%2Fv2%2Ftags&post=57303"}],"curies":[{"name":"wp","href":"https:\/\/api.w.org\/{rel}","templated":true}]}}