{"id":57306,"date":"2024-08-06T15:02:11","date_gmt":"2024-08-06T21:02:11","guid":{"rendered":"https:\/\/encuentroinformativo.com.mx\/?p=57306"},"modified":"2024-08-06T15:02:17","modified_gmt":"2024-08-06T21:02:17","slug":"realizaran-foro-para-promover-derechos-de-pueblos-indigenas","status":"publish","type":"post","link":"https:\/\/encuentroinformativo.com.mx\/?p=57306","title":{"rendered":"Realizar\u00e1n foro para promover derechos de pueblos ind\u00edgenas"},"content":{"rendered":"\n<p><strong>Dar\u00edo Pale <\/strong><\/p>\n\n\n\n<p>Xalapa, Ver.-  Organizan foro de an\u00e1lisis para visibilizar los derechos de los pueblos ind\u00edgenas y afromexicano sobre la Reforma Constitucional, as\u00ed lo dio a conocer la directora general del Instituto Veracruzano de Asuntos Ind\u00edgenas, Mar\u00eda Luisa Sant\u00e9s Sant\u00e9s.<\/p>\n\n\n\n<p>En entrevista se\u00f1al\u00f3 que, pr\u00f3ximamente se llevar\u00e1 a cabo el evento &#8220;Las Voces de mi Pueblo, son mi Palabra&#8221;, donde especialistas abordar\u00e1n y analizar\u00e1n la Iniciativa de Reforma Constitucional sobre Derechos de los Pueblos Ind\u00edgenas y Afromexicano.<\/p>\n\n\n\n<p>En distintas sedes de la entidad, los d\u00edas 12 y 13 de agosto se realizar\u00e1n estas actividades en el marco del &#8220;D\u00eda Internacional de los Pueblos Ind\u00edgenas&#8221;.<\/p>\n\n\n\n<p>\u201cEl d\u00eda 12 ser\u00e1 la inauguraci\u00f3n del evento en punto de las 11 de la ma\u00f1ana y el d\u00eda martes 13 de agosto ser\u00e1n las mesas de di\u00e1logo a partir de las 10 de la ma\u00f1ana con la participaci\u00f3n de autoridades tradicionales\u201d, se\u00f1al\u00f3.<\/p>\n\n\n\n<p>Sant\u00e9s destac\u00f3 la importancia de este evento, ya que Veracruz es la tercera entidad del pa\u00eds con el mayor porcentaje de poblaci\u00f3n ind\u00edgena, despu\u00e9s de Oaxaca y Chiapas, con un total de un mill\u00f3n 19 mil 17 personas y 13 pueblos originarios reconocidos en la Ley de Derechos y Culturas Ind\u00edgenas de Veracruz.<\/p>\n\n\n\n<p>Adelant\u00f3 que en las mesas de di\u00e1logo se abordar\u00e1n temas sobre los sistemas normativos y previsiones de gobierno para la implementaci\u00f3n de la Reforma Constitucional al Art\u00edculo Segundo por los Poderes del Estado en Veracruz, con el prop\u00f3sito de reconocer en toda su amplitud a los pueblos ind\u00edgenas y al pueblo afromexicano.<\/p>\n\n\n\n<p>\u201cEl prop\u00f3sito es que conozcan los derechos constitucionales que tenemos como pueblo ind\u00edgena en toda su amplitud y el pueblo afromexicano como sujeto de derecho p\u00fablico, es decir, que las comunidades ind\u00edgenas y afromexicanas contemos con la capacidad para decidir libremente la forma de gobierno y la organizaci\u00f3n y el desarrollo integral para el bienestar com\u00fan, con el respeto a las culturas y aprovechamientos sostenibles de las tierras y territorios de nuestros recursos naturales\u201d, coment\u00f3.<\/p>\n\n\n\n<p>Asimismo, adelant\u00f3 que entre los especialistas se contar\u00e1 con la participaci\u00f3n de magistrados de la Sala Constitucional del Tribunal Superior de Justicia del Estado de Veracruz, as\u00ed como de representantes de los pueblos ind\u00edgenas.<\/p>\n\n\n\n<p>Finalmente dio a conocer que, \u201cnos ha confirmado la Doctora Rosalba Hern\u00e1ndez Hern\u00e1ndez, Magistrada de la Sala Constitucional del Tribunal Superior de Justicia del Estado de Veracruz, y tambi\u00e9n un joven ind\u00edgena, abogado intercultural, as\u00ed como el licenciado Jos\u00e9 de Gaona Zepeta\u201d.<\/p>\n","protected":false},"excerpt":{"rendered":"<p>Dar\u00edo Pale Xalapa, Ver.- Organizan foro de an\u00e1lisis para visibilizar los derechos de los pueblos ind\u00edgenas y afromexicano sobre la Reforma Constitucional, as\u00ed lo dio a conocer la directora general del Instituto Veracruzano de Asuntos Ind\u00edgenas, Mar\u00eda Luisa Sant\u00e9s Sant\u00e9s. En entrevista se\u00f1al\u00f3 que, pr\u00f3ximamente se llevar\u00e1 a cabo el evento &#8220;Las Voces de mi [&hellip;]<\/p>\n","protected":false},"author":2476,"featured_media":57307,"comment_status":"open","ping_status":"open","sticky":false,"template":"","format":"standard","meta":{"_jetpack_memberships_contains_paid_content":false,"footnotes":""},"categories":[2],"tags":[],"class_list":["post-57306","post","type-post","status-publish","format-standard","has-post-thumbnail","hentry","category-estado"],"jetpack_featured_media_url":"https:\/\/encuentroinformativo.com.mx\/wp-content\/uploads\/2024\/08\/IMG-20240806-WA0057.jpg","jetpack_sharing_enabled":true,"jetpack_likes_enabled":true,"amp_enabled":true,"_links":{"self":[{"href":"https:\/\/encuentroinformativo.com.mx\/index.php?rest_route=\/wp\/v2\/posts\/57306","targetHints":{"allow":["GET"]}}],"collection":[{"href":"https:\/\/encuentroinformativo.com.mx\/index.php?rest_route=\/wp\/v2\/posts"}],"about":[{"href":"https:\/\/encuentroinformativo.com.mx\/index.php?rest_route=\/wp\/v2\/types\/post"}],"author":[{"embeddable":true,"href":"https:\/\/encuentroinformativo.com.mx\/index.php?rest_route=\/wp\/v2\/users\/2476"}],"replies":[{"embeddable":true,"href":"https:\/\/encuentroinformativo.com.mx\/index.php?rest_route=%2Fwp%2Fv2%2Fcomments&post=57306"}],"version-history":[{"count":1,"href":"https:\/\/encuentroinformativo.com.mx\/index.php?rest_route=\/wp\/v2\/posts\/57306\/revisions"}],"predecessor-version":[{"id":57308,"href":"https:\/\/encuentroinformativo.com.mx\/index.php?rest_route=\/wp\/v2\/posts\/57306\/revisions\/57308"}],"wp:featuredmedia":[{"embeddable":true,"href":"https:\/\/encuentroinformativo.com.mx\/index.php?rest_route=\/wp\/v2\/media\/57307"}],"wp:attachment":[{"href":"https:\/\/encuentroinformativo.com.mx\/index.php?rest_route=%2Fwp%2Fv2%2Fmedia&parent=57306"}],"wp:term":[{"taxonomy":"category","embeddable":true,"href":"https:\/\/encuentroinformativo.com.mx\/index.php?rest_route=%2Fwp%2Fv2%2Fcategories&post=57306"},{"taxonomy":"post_tag","embeddable":true,"href":"https:\/\/encuentroinformativo.com.mx\/index.php?rest_route=%2Fwp%2Fv2%2Ftags&post=57306"}],"curies":[{"name":"wp","href":"https:\/\/api.w.org\/{rel}","templated":true}]}}