{"id":57325,"date":"2024-08-06T21:08:57","date_gmt":"2024-08-07T03:08:57","guid":{"rendered":"https:\/\/encuentroinformativo.com.mx\/?p=57325"},"modified":"2024-08-06T21:09:03","modified_gmt":"2024-08-07T03:09:03","slug":"mitos-y-realidades-sobre-la-reforma-al-poder-judicial-foro-de-expresion-para-el-futuro-de-la-justicia-en-mexico","status":"publish","type":"post","link":"https:\/\/encuentroinformativo.com.mx\/?p=57325","title":{"rendered":"\u201cMitos y Realidades sobre la Reforma al Poder Judicial\u201d: Foro de expresi\u00f3n para el Futuro de la Justicia en M\u00e9xico"},"content":{"rendered":"\n<p><strong>* &#8220;La necesidad de acercar la justicia al pueblo es nuestra prioridad&#8221;: Eleazar Guerrero<\/strong><\/p>\n\n\n\n<p>Banderilla, Ver.\u2013 La expresi\u00f3n ciudadana Unidos Todos organiz\u00f3 con \u00e9xito el Foro Juvenil denominado \u201cMitos y Realidades sobre la Reforma al Poder Judicial\u201d en el Recinto Ferial del municipio de Banderilla. Este evento, que cont\u00f3 con la participaci\u00f3n de autoridades y expertos en la materia, ofreci\u00f3 una plataforma para debatir y analizar la crucial reforma al sistema de justicia en M\u00e9xico.<\/p>\n\n\n\n<p>Carlos Santoyo Alavez, Coordinador Territorial del Pa\u00eds de la Dra. Claudia Sheinbaum, destac\u00f3 en su intervenci\u00f3n que esta reforma marca un hito hist\u00f3rico, ya que la \u00faltima modificaci\u00f3n significativa al Poder Judicial ocurri\u00f3 hace 30 a\u00f1os. Santoyo Alavez enfatiz\u00f3 que la actual estructura de la Suprema Corte de Justicia de la Naci\u00f3n (SCJN) ha limitado el acceso a la justicia, reserv\u00e1ndola para quienes pueden pagar por ella. \u201cLa Reforma busca garantizar que la justicia sea para todas y todos. Sabemos que el poder judicial lo manejan intereses econ\u00f3micos\u201d, afirm\u00f3.<\/p>\n\n\n\n<p>El foro tambi\u00e9n sirvi\u00f3 para derribar mitos en torno a la reforma. Santoyo Alavez aclar\u00f3 que no es cierto que la Suprema Corte vaya a desaparecer ni que cualquier persona pueda convertirse en juez o jueza, desmintiendo as\u00ed las falsedades que circulan sobre este tema.<\/p>\n\n\n\n<p>La magistrada Diana Estela Orestegui Carballo, experta en el tema, subray\u00f3 los beneficios de esta reforma para el sistema de justicia. Destac\u00f3 la creaci\u00f3n del Tribunal de Disciplina Judicial, el cual tendr\u00e1 la facultad de supervisar a los ministros de la SCJN, investigar, resolver e imponer sanciones cuando sea necesario, asegurando una justicia m\u00e1s transparente y responsable.<\/p>\n\n\n\n<p>El diputado federal electo y l\u00edder de Unidos Todos, el Mtro. Eleazar Guerrero P\u00e9rez, tambi\u00e9n particip\u00f3 en el evento, resaltando la importancia de la Cuarta Transformaci\u00f3n en M\u00e9xico. Guerrero P\u00e9rez subray\u00f3 que los mexicanos est\u00e1n apostando por una sociedad m\u00e1s justa, con oportunidades para todas y todos. \u201cHoy nadie se anima a denunciar, porque el sistema de justicia est\u00e1 lejos del pueblo, alejado de la gente. Por eso hoy tenemos que trabajar por esta reforma, para tener no solo una justicia pronta y expedita, sino gratuita\u201d, afirm\u00f3.<\/p>\n\n\n\n<p>Dijo tambi\u00e9n que se tiene que seguir informando, principalmente a la juventud quienes son el presente y han hecho posible este Nuevo M\u00e9xico, afirmando que no se le puede fallar a la gente que dio el poder constituyente a la Cuarta Transformaci\u00f3n; \u201cVamos a legislar obedeciendo a la gente\u2026vamos a hacer realidad la gran aspiraci\u00f3n de hacer reformas para que hagamos de M\u00e9xico y Veracruz el mejor lugar para vivir\u201d, finaliz\u00f3.<\/p>\n\n\n\n<p>Cabe resaltar que en este espacio de intercambio de ideas tambi\u00e9n estuvieron presentes; el magistrado Arturo Sosa V\u00e1squez, Magaly M\u00e1rquez Aguilar, S\u00ed diva \u00danica de Banderilla; Diputada Suplente por Xalapa, Mar\u00eda Leticia Ledo; Jennifer Joyce Garc\u00eda, Secretaria de Mujeres del Comit\u00e9 Ejecutivo Estatal de MORENA; Jorge Fco. Mart\u00ednez L\u00f3pez, Secretario de la Barra de Abogados y David Sangabriel Bonilla, alcalde de Banderilla.<\/p>\n","protected":false},"excerpt":{"rendered":"<p>* &#8220;La necesidad de acercar la justicia al pueblo es nuestra prioridad&#8221;: Eleazar Guerrero Banderilla, Ver.\u2013 La expresi\u00f3n ciudadana Unidos Todos organiz\u00f3 con \u00e9xito el Foro Juvenil denominado \u201cMitos y Realidades sobre la Reforma al Poder Judicial\u201d en el Recinto Ferial del municipio de Banderilla. Este evento, que cont\u00f3 con la participaci\u00f3n de autoridades y [&hellip;]<\/p>\n","protected":false},"author":2476,"featured_media":57326,"comment_status":"open","ping_status":"open","sticky":false,"template":"","format":"standard","meta":{"_jetpack_memberships_contains_paid_content":false,"footnotes":""},"categories":[8],"tags":[],"class_list":["post-57325","post","type-post","status-publish","format-standard","has-post-thumbnail","hentry","category-region"],"jetpack_featured_media_url":"https:\/\/encuentroinformativo.com.mx\/wp-content\/uploads\/2024\/08\/IMG-20240806-WA0095-scaled.jpg","jetpack_sharing_enabled":true,"jetpack_likes_enabled":true,"amp_enabled":true,"_links":{"self":[{"href":"https:\/\/encuentroinformativo.com.mx\/index.php?rest_route=\/wp\/v2\/posts\/57325","targetHints":{"allow":["GET"]}}],"collection":[{"href":"https:\/\/encuentroinformativo.com.mx\/index.php?rest_route=\/wp\/v2\/posts"}],"about":[{"href":"https:\/\/encuentroinformativo.com.mx\/index.php?rest_route=\/wp\/v2\/types\/post"}],"author":[{"embeddable":true,"href":"https:\/\/encuentroinformativo.com.mx\/index.php?rest_route=\/wp\/v2\/users\/2476"}],"replies":[{"embeddable":true,"href":"https:\/\/encuentroinformativo.com.mx\/index.php?rest_route=%2Fwp%2Fv2%2Fcomments&post=57325"}],"version-history":[{"count":1,"href":"https:\/\/encuentroinformativo.com.mx\/index.php?rest_route=\/wp\/v2\/posts\/57325\/revisions"}],"predecessor-version":[{"id":57327,"href":"https:\/\/encuentroinformativo.com.mx\/index.php?rest_route=\/wp\/v2\/posts\/57325\/revisions\/57327"}],"wp:featuredmedia":[{"embeddable":true,"href":"https:\/\/encuentroinformativo.com.mx\/index.php?rest_route=\/wp\/v2\/media\/57326"}],"wp:attachment":[{"href":"https:\/\/encuentroinformativo.com.mx\/index.php?rest_route=%2Fwp%2Fv2%2Fmedia&parent=57325"}],"wp:term":[{"taxonomy":"category","embeddable":true,"href":"https:\/\/encuentroinformativo.com.mx\/index.php?rest_route=%2Fwp%2Fv2%2Fcategories&post=57325"},{"taxonomy":"post_tag","embeddable":true,"href":"https:\/\/encuentroinformativo.com.mx\/index.php?rest_route=%2Fwp%2Fv2%2Ftags&post=57325"}],"curies":[{"name":"wp","href":"https:\/\/api.w.org\/{rel}","templated":true}]}}