{"id":57354,"date":"2024-08-07T14:24:33","date_gmt":"2024-08-07T20:24:33","guid":{"rendered":"https:\/\/encuentroinformativo.com.mx\/?p=57354"},"modified":"2024-08-07T14:24:38","modified_gmt":"2024-08-07T20:24:38","slug":"denuncian-acoso-laboral-en-coro-de-la-uv","status":"publish","type":"post","link":"https:\/\/encuentroinformativo.com.mx\/?p=57354","title":{"rendered":"Denuncian acoso laboral en coro de la UV"},"content":{"rendered":"\n<p><strong>Dar\u00edo Pale <\/strong><\/p>\n\n\n\n<p>Xalapa, Ver.- Exintegrante del coro de la Universidad Veracruzana acus\u00f3 que hay acoso laboral, violencia y discriminaci\u00f3n por lo que ya denunci\u00f3 ante la CEDH.\u00a0<\/p>\n\n\n\n<p>En conferencia de prensa Zyzly Arellano Aguirre, exintegrante del Coro de la Universidad Veracruzana (UV), present\u00f3\u00a0 una queja formal ante la Comisi\u00f3n Estatal de Derechos Humanos de Veracruz (CEDH) por acoso laboral, violencia y discriminaci\u00f3n en raz\u00f3n de g\u00e9nero.<\/p>\n\n\n\n<p>&#8220;El coro es de los m\u00e1s fuertes,\u00a0 hay mucha gente que vale la pena,\u00a0 que tienen una \u00e9tica son gente muy correcta pero hay un grupo muy peque\u00f1o y se mueven y se desgastan por afectar a otros, entonces as\u00ed pasan muchos grupos art\u00edsticos y que debe haber un reglamento que no permita la discriminaci\u00f3n&#8221;, se\u00f1al\u00f3.<\/p>\n\n\n\n<p>Explic\u00f3 que tras laborar 4 a\u00f1os en el coro la acad\u00e9mica en M\u00fasica y una Maestr\u00eda en Direcci\u00f3n Coral, en 2023 fue despedida de manera injustificada, pese a ser v\u00edctima de actos de hostilidad, agresiones verbales, acoso laboral, discriminaci\u00f3n y violencia de g\u00e9nero, por las mismas integrantes del coro universitario.<\/p>\n\n\n\n<p>Acus\u00f3 que aunque los hechos fueron denunciados a la Direcci\u00f3n de Responsabilidades de la UV, no se hizo nada por su caso.<\/p>\n\n\n\n<p>Finalmente Arellano Aguirre pidi\u00f3 a las autoridades de la UV que atiendan su caso, se\u00f1alando que no es el primer incidente de violencia por parte de las integrantes del coro universitario.<\/p>\n","protected":false},"excerpt":{"rendered":"<p>Dar\u00edo Pale Xalapa, Ver.- Exintegrante del coro de la Universidad Veracruzana acus\u00f3 que hay acoso laboral, violencia y discriminaci\u00f3n por lo que ya denunci\u00f3 ante la CEDH.\u00a0 En conferencia de prensa Zyzly Arellano Aguirre, exintegrante del Coro de la Universidad Veracruzana (UV), present\u00f3\u00a0 una queja formal ante la Comisi\u00f3n Estatal de Derechos Humanos de Veracruz [&hellip;]<\/p>\n","protected":false},"author":2476,"featured_media":57355,"comment_status":"open","ping_status":"open","sticky":false,"template":"","format":"standard","meta":{"_jetpack_memberships_contains_paid_content":false,"footnotes":""},"categories":[3],"tags":[],"class_list":["post-57354","post","type-post","status-publish","format-standard","has-post-thumbnail","hentry","category-xalapa"],"jetpack_featured_media_url":"https:\/\/encuentroinformativo.com.mx\/wp-content\/uploads\/2024\/08\/IMG-20240807-WA00182.jpg","jetpack_sharing_enabled":true,"jetpack_likes_enabled":true,"amp_enabled":true,"_links":{"self":[{"href":"https:\/\/encuentroinformativo.com.mx\/index.php?rest_route=\/wp\/v2\/posts\/57354","targetHints":{"allow":["GET"]}}],"collection":[{"href":"https:\/\/encuentroinformativo.com.mx\/index.php?rest_route=\/wp\/v2\/posts"}],"about":[{"href":"https:\/\/encuentroinformativo.com.mx\/index.php?rest_route=\/wp\/v2\/types\/post"}],"author":[{"embeddable":true,"href":"https:\/\/encuentroinformativo.com.mx\/index.php?rest_route=\/wp\/v2\/users\/2476"}],"replies":[{"embeddable":true,"href":"https:\/\/encuentroinformativo.com.mx\/index.php?rest_route=%2Fwp%2Fv2%2Fcomments&post=57354"}],"version-history":[{"count":1,"href":"https:\/\/encuentroinformativo.com.mx\/index.php?rest_route=\/wp\/v2\/posts\/57354\/revisions"}],"predecessor-version":[{"id":57356,"href":"https:\/\/encuentroinformativo.com.mx\/index.php?rest_route=\/wp\/v2\/posts\/57354\/revisions\/57356"}],"wp:featuredmedia":[{"embeddable":true,"href":"https:\/\/encuentroinformativo.com.mx\/index.php?rest_route=\/wp\/v2\/media\/57355"}],"wp:attachment":[{"href":"https:\/\/encuentroinformativo.com.mx\/index.php?rest_route=%2Fwp%2Fv2%2Fmedia&parent=57354"}],"wp:term":[{"taxonomy":"category","embeddable":true,"href":"https:\/\/encuentroinformativo.com.mx\/index.php?rest_route=%2Fwp%2Fv2%2Fcategories&post=57354"},{"taxonomy":"post_tag","embeddable":true,"href":"https:\/\/encuentroinformativo.com.mx\/index.php?rest_route=%2Fwp%2Fv2%2Ftags&post=57354"}],"curies":[{"name":"wp","href":"https:\/\/api.w.org\/{rel}","templated":true}]}}